{"id":68116,"date":"2022-10-21T19:45:58","date_gmt":"2022-10-21T19:45:58","guid":{"rendered":"https:\/\/lamoderna.edu.ec\/?p=68116"},"modified":"2022-10-21T19:45:58","modified_gmt":"2022-10-21T19:45:58","slug":"reencuentro-alumni","status":"publish","type":"post","link":"https:\/\/lamoderna.edu.ec\/en\/reencuentro-alumni\/","title":{"rendered":"ALUMNI REUNION"},"content":{"rendered":"<p>Great moments were experienced on the morning of Saturday, October 15, 2022 at the campus facilities in a sports reunion of a great nature among the different graduating classes by the history of La Moderna since it\u00b4s first graduating class in 1993.<\/p>\n\n\n\n<figure class=\"wp-block-image size-large\"><img fetchpriority=\"high\" decoding=\"async\" width=\"1024\" height=\"1024\" src=\"https:\/\/lamoderna.edu.ec\/wp-content\/uploads\/2022\/10\/32-7-1-1024x1024.jpg\" alt=\"\" class=\"wp-image-68145\" srcset=\"https:\/\/lamoderna.edu.ec\/wp-content\/uploads\/2022\/10\/32-7-1-1024x1024.jpg 1024w, https:\/\/lamoderna.edu.ec\/wp-content\/uploads\/2022\/10\/32-7-1-300x300.jpg 300w, https:\/\/lamoderna.edu.ec\/wp-content\/uploads\/2022\/10\/32-7-1-150x150.jpg 150w, https:\/\/lamoderna.edu.ec\/wp-content\/uploads\/2022\/10\/32-7-1-768x768.jpg 768w, https:\/\/lamoderna.edu.ec\/wp-content\/uploads\/2022\/10\/32-7-1.jpg 1467w\" sizes=\"(max-width: 1024px) 100vw, 1024px\" \/><\/figure>\n\n\n\n<figure class=\"wp-block-gallery has-nested-images columns-default is-cropped wp-block-gallery-1 is-layout-flex wp-block-gallery-is-layout-flex\">\n<figure class=\"wp-block-image size-large\"><img decoding=\"async\" width=\"1024\" height=\"1024\" data-id=\"68143\" src=\"https:\/\/lamoderna.edu.ec\/wp-content\/uploads\/2022\/10\/3-16-2-1024x1024.jpg\" alt=\"\" class=\"wp-image-68143\" srcset=\"https:\/\/lamoderna.edu.ec\/wp-content\/uploads\/2022\/10\/3-16-2-1024x1024.jpg 1024w, https:\/\/lamoderna.edu.ec\/wp-content\/uploads\/2022\/10\/3-16-2-300x300.jpg 300w, https:\/\/lamoderna.edu.ec\/wp-content\/uploads\/2022\/10\/3-16-2-150x150.jpg 150w, https:\/\/lamoderna.edu.ec\/wp-content\/uploads\/2022\/10\/3-16-2-768x768.jpg 768w, https:\/\/lamoderna.edu.ec\/wp-content\/uploads\/2022\/10\/3-16-2.jpg 1467w\" sizes=\"(max-width: 1024px) 100vw, 1024px\" \/><\/figure>\n\n\n\n<figure class=\"wp-block-image size-large\"><img decoding=\"async\" width=\"1024\" height=\"1024\" data-id=\"68144\" src=\"https:\/\/lamoderna.edu.ec\/wp-content\/uploads\/2022\/10\/28-5-1-1024x1024.jpg\" alt=\"\" class=\"wp-image-68144\" srcset=\"https:\/\/lamoderna.edu.ec\/wp-content\/uploads\/2022\/10\/28-5-1-1024x1024.jpg 1024w, https:\/\/lamoderna.edu.ec\/wp-content\/uploads\/2022\/10\/28-5-1-300x300.jpg 300w, https:\/\/lamoderna.edu.ec\/wp-content\/uploads\/2022\/10\/28-5-1-150x150.jpg 150w, https:\/\/lamoderna.edu.ec\/wp-content\/uploads\/2022\/10\/28-5-1-768x768.jpg 768w, https:\/\/lamoderna.edu.ec\/wp-content\/uploads\/2022\/10\/28-5-1.jpg 1467w\" sizes=\"(max-width: 1024px) 100vw, 1024px\" \/><\/figure>\n\n\n\n<figure class=\"wp-block-image size-large\"><img loading=\"lazy\" decoding=\"async\" width=\"1024\" height=\"1024\" data-id=\"68119\" src=\"https:\/\/lamoderna.edu.ec\/wp-content\/uploads\/2022\/10\/8-15-1024x1024.jpg\" alt=\"\" class=\"wp-image-68119\" srcset=\"https:\/\/lamoderna.edu.ec\/wp-content\/uploads\/2022\/10\/8-15-1024x1024.jpg 1024w, https:\/\/lamoderna.edu.ec\/wp-content\/uploads\/2022\/10\/8-15-300x300.jpg 300w, https:\/\/lamoderna.edu.ec\/wp-content\/uploads\/2022\/10\/8-15-150x150.jpg 150w, https:\/\/lamoderna.edu.ec\/wp-content\/uploads\/2022\/10\/8-15-768x768.jpg 768w, https:\/\/lamoderna.edu.ec\/wp-content\/uploads\/2022\/10\/8-15.jpg 1467w\" sizes=\"(max-width: 1024px) 100vw, 1024px\" \/><\/figure>\n<\/figure>\n\n\n\n<p>Each one of them paraded through the institution's indoor court with their representative godmothers and godfathers, facing each other in sports disciplines such as soccer, basketball, volleyball, among other circuits. Mr. and Ms. Fitness were elected. <\/p>\n\n\n\n<figure class=\"wp-block-gallery has-nested-images columns-default is-cropped wp-block-gallery-2 is-layout-flex wp-block-gallery-is-layout-flex\">\n<figure class=\"wp-block-image size-large\"><img loading=\"lazy\" decoding=\"async\" width=\"1024\" height=\"1024\" data-id=\"68135\" src=\"https:\/\/lamoderna.edu.ec\/wp-content\/uploads\/2022\/10\/13-12-1-1024x1024.jpg\" alt=\"\" class=\"wp-image-68135\" srcset=\"https:\/\/lamoderna.edu.ec\/wp-content\/uploads\/2022\/10\/13-12-1-1024x1024.jpg 1024w, https:\/\/lamoderna.edu.ec\/wp-content\/uploads\/2022\/10\/13-12-1-300x300.jpg 300w, https:\/\/lamoderna.edu.ec\/wp-content\/uploads\/2022\/10\/13-12-1-150x150.jpg 150w, https:\/\/lamoderna.edu.ec\/wp-content\/uploads\/2022\/10\/13-12-1-768x768.jpg 768w, https:\/\/lamoderna.edu.ec\/wp-content\/uploads\/2022\/10\/13-12-1.jpg 1467w\" sizes=\"(max-width: 1024px) 100vw, 1024px\" \/><\/figure>\n\n\n\n<figure class=\"wp-block-image size-large\"><img loading=\"lazy\" decoding=\"async\" width=\"1024\" height=\"1024\" data-id=\"68133\" src=\"https:\/\/lamoderna.edu.ec\/wp-content\/uploads\/2022\/10\/26-3-1024x1024.jpg\" alt=\"\" class=\"wp-image-68133\" srcset=\"https:\/\/lamoderna.edu.ec\/wp-content\/uploads\/2022\/10\/26-3-1024x1024.jpg 1024w, https:\/\/lamoderna.edu.ec\/wp-content\/uploads\/2022\/10\/26-3-300x300.jpg 300w, https:\/\/lamoderna.edu.ec\/wp-content\/uploads\/2022\/10\/26-3-150x150.jpg 150w, https:\/\/lamoderna.edu.ec\/wp-content\/uploads\/2022\/10\/26-3-768x768.jpg 768w, https:\/\/lamoderna.edu.ec\/wp-content\/uploads\/2022\/10\/26-3.jpg 1467w\" sizes=\"(max-width: 1024px) 100vw, 1024px\" \/><\/figure>\n\n\n\n<figure class=\"wp-block-image size-large\"><img loading=\"lazy\" decoding=\"async\" width=\"1024\" height=\"1024\" data-id=\"68134\" src=\"https:\/\/lamoderna.edu.ec\/wp-content\/uploads\/2022\/10\/22-5-1-1024x1024.jpg\" alt=\"\" class=\"wp-image-68134\" srcset=\"https:\/\/lamoderna.edu.ec\/wp-content\/uploads\/2022\/10\/22-5-1-1024x1024.jpg 1024w, https:\/\/lamoderna.edu.ec\/wp-content\/uploads\/2022\/10\/22-5-1-300x300.jpg 300w, https:\/\/lamoderna.edu.ec\/wp-content\/uploads\/2022\/10\/22-5-1-150x150.jpg 150w, https:\/\/lamoderna.edu.ec\/wp-content\/uploads\/2022\/10\/22-5-1-768x768.jpg 768w, https:\/\/lamoderna.edu.ec\/wp-content\/uploads\/2022\/10\/22-5-1.jpg 1467w\" sizes=\"(max-width: 1024px) 100vw, 1024px\" \/><\/figure>\n<\/figure>\n\n\n\n<figure class=\"wp-block-gallery has-nested-images columns-default is-cropped wp-block-gallery-3 is-layout-flex wp-block-gallery-is-layout-flex\">\n<figure class=\"wp-block-image size-large\"><img loading=\"lazy\" decoding=\"async\" width=\"1024\" height=\"1024\" data-id=\"68127\" src=\"https:\/\/lamoderna.edu.ec\/wp-content\/uploads\/2022\/10\/11-14-1024x1024.jpg\" alt=\"\" class=\"wp-image-68127\" srcset=\"https:\/\/lamoderna.edu.ec\/wp-content\/uploads\/2022\/10\/11-14-1024x1024.jpg 1024w, https:\/\/lamoderna.edu.ec\/wp-content\/uploads\/2022\/10\/11-14-300x300.jpg 300w, https:\/\/lamoderna.edu.ec\/wp-content\/uploads\/2022\/10\/11-14-150x150.jpg 150w, https:\/\/lamoderna.edu.ec\/wp-content\/uploads\/2022\/10\/11-14-768x768.jpg 768w, https:\/\/lamoderna.edu.ec\/wp-content\/uploads\/2022\/10\/11-14.jpg 1467w\" sizes=\"(max-width: 1024px) 100vw, 1024px\" \/><\/figure>\n\n\n\n<figure class=\"wp-block-image size-large\"><img loading=\"lazy\" decoding=\"async\" width=\"1024\" height=\"1024\" data-id=\"68125\" src=\"https:\/\/lamoderna.edu.ec\/wp-content\/uploads\/2022\/10\/19-8-1024x1024.jpg\" alt=\"\" class=\"wp-image-68125\" srcset=\"https:\/\/lamoderna.edu.ec\/wp-content\/uploads\/2022\/10\/19-8-1024x1024.jpg 1024w, https:\/\/lamoderna.edu.ec\/wp-content\/uploads\/2022\/10\/19-8-300x300.jpg 300w, https:\/\/lamoderna.edu.ec\/wp-content\/uploads\/2022\/10\/19-8-150x150.jpg 150w, https:\/\/lamoderna.edu.ec\/wp-content\/uploads\/2022\/10\/19-8-768x768.jpg 768w, https:\/\/lamoderna.edu.ec\/wp-content\/uploads\/2022\/10\/19-8.jpg 1467w\" sizes=\"(max-width: 1024px) 100vw, 1024px\" \/><\/figure>\n\n\n\n<figure class=\"wp-block-image size-large\"><img loading=\"lazy\" decoding=\"async\" width=\"1024\" height=\"1024\" data-id=\"68126\" src=\"https:\/\/lamoderna.edu.ec\/wp-content\/uploads\/2022\/10\/20-7-1024x1024.jpg\" alt=\"\" class=\"wp-image-68126\" srcset=\"https:\/\/lamoderna.edu.ec\/wp-content\/uploads\/2022\/10\/20-7-1024x1024.jpg 1024w, https:\/\/lamoderna.edu.ec\/wp-content\/uploads\/2022\/10\/20-7-300x300.jpg 300w, https:\/\/lamoderna.edu.ec\/wp-content\/uploads\/2022\/10\/20-7-150x150.jpg 150w, https:\/\/lamoderna.edu.ec\/wp-content\/uploads\/2022\/10\/20-7-768x768.jpg 768w, https:\/\/lamoderna.edu.ec\/wp-content\/uploads\/2022\/10\/20-7.jpg 1467w\" sizes=\"(max-width: 1024px) 100vw, 1024px\" \/><\/figure>\n<\/figure>\n\n\n\n<p>Some alumnus mentioned that this opportunity to meet again after many years is an open door to reinforce their fellowship and remember the best moments lived in the classrooms.<\/p>\n\n\n\n<p>On the other hand, recalling several photographs of moments lived in La Moderna, some of them could not fail to mention teachers and authorities who have passed through the campus and who marked a stage in their school and professional development, guiding them along the path of excellence.<\/p>\n\n\n\n<figure class=\"wp-block-gallery has-nested-images columns-default is-cropped wp-block-gallery-4 is-layout-flex wp-block-gallery-is-layout-flex\">\n<figure class=\"wp-block-image size-large\"><img loading=\"lazy\" decoding=\"async\" width=\"1024\" height=\"1024\" data-id=\"68136\" src=\"https:\/\/lamoderna.edu.ec\/wp-content\/uploads\/2022\/10\/23-7-1-1024x1024.jpg\" alt=\"\" class=\"wp-image-68136\" srcset=\"https:\/\/lamoderna.edu.ec\/wp-content\/uploads\/2022\/10\/23-7-1-1024x1024.jpg 1024w, https:\/\/lamoderna.edu.ec\/wp-content\/uploads\/2022\/10\/23-7-1-300x300.jpg 300w, https:\/\/lamoderna.edu.ec\/wp-content\/uploads\/2022\/10\/23-7-1-150x150.jpg 150w, https:\/\/lamoderna.edu.ec\/wp-content\/uploads\/2022\/10\/23-7-1-768x768.jpg 768w, https:\/\/lamoderna.edu.ec\/wp-content\/uploads\/2022\/10\/23-7-1.jpg 1467w\" sizes=\"(max-width: 1024px) 100vw, 1024px\" \/><\/figure>\n\n\n\n<figure class=\"wp-block-image size-large\"><img loading=\"lazy\" decoding=\"async\" width=\"1024\" height=\"1024\" data-id=\"68130\" src=\"https:\/\/lamoderna.edu.ec\/wp-content\/uploads\/2022\/10\/7-15-1-1024x1024.jpg\" alt=\"\" class=\"wp-image-68130\" srcset=\"https:\/\/lamoderna.edu.ec\/wp-content\/uploads\/2022\/10\/7-15-1-1024x1024.jpg 1024w, https:\/\/lamoderna.edu.ec\/wp-content\/uploads\/2022\/10\/7-15-1-300x300.jpg 300w, https:\/\/lamoderna.edu.ec\/wp-content\/uploads\/2022\/10\/7-15-1-150x150.jpg 150w, https:\/\/lamoderna.edu.ec\/wp-content\/uploads\/2022\/10\/7-15-1-768x768.jpg 768w, https:\/\/lamoderna.edu.ec\/wp-content\/uploads\/2022\/10\/7-15-1.jpg 1467w\" sizes=\"(max-width: 1024px) 100vw, 1024px\" \/><\/figure>\n\n\n\n<figure class=\"wp-block-image size-large\"><img loading=\"lazy\" decoding=\"async\" width=\"1024\" height=\"1024\" data-id=\"68137\" src=\"https:\/\/lamoderna.edu.ec\/wp-content\/uploads\/2022\/10\/29-4-1024x1024.jpg\" alt=\"\" class=\"wp-image-68137\" srcset=\"https:\/\/lamoderna.edu.ec\/wp-content\/uploads\/2022\/10\/29-4-1024x1024.jpg 1024w, https:\/\/lamoderna.edu.ec\/wp-content\/uploads\/2022\/10\/29-4-300x300.jpg 300w, https:\/\/lamoderna.edu.ec\/wp-content\/uploads\/2022\/10\/29-4-150x150.jpg 150w, https:\/\/lamoderna.edu.ec\/wp-content\/uploads\/2022\/10\/29-4-768x768.jpg 768w, https:\/\/lamoderna.edu.ec\/wp-content\/uploads\/2022\/10\/29-4.jpg 1467w\" sizes=\"(max-width: 1024px) 100vw, 1024px\" \/><\/figure>\n<\/figure>\n\n\n\n<p>Today our alumnus continues to lead society through their critical thinking, academic and athletic skills. &nbsp;<\/p>","protected":false},"excerpt":{"rendered":"<p>Gratos momentos se vivieron la ma\u00f1ana del s\u00e1bado 15 de octubre del 2022 en las instalaciones del plantel en un reencuentro deportivo de gran \u00edndole entre las distintas promociones que se han graduado a lo largo de la historia de La Moderna desde su primera promoci\u00f3n en 1993. Cada una de ellas desfil\u00f3 por la [&hellip;]<\/p>\n","protected":false},"author":2,"featured_media":68132,"comment_status":"open","ping_status":"closed","sticky":false,"template":"","format":"standard","meta":{"footnotes":""},"categories":[104],"tags":[],"class_list":["post-68116","post","type-post","status-publish","format-standard","has-post-thumbnail","hentry","category-sin-categoria"],"yoast_head":"<!-- This site is optimized with the Yoast SEO plugin v27.5 - https:\/\/yoast.com\/product\/yoast-seo-wordpress\/ -->\n<title>REENCUENTRO ALUMNI - La Moderna<\/title>\n<meta name=\"robots\" content=\"index, follow, max-snippet:-1, max-image-preview:large, max-video-preview:-1\" \/>\n<link rel=\"canonical\" href=\"https:\/\/lamoderna.edu.ec\/en\/reencuentro-alumni\/\" \/>\n<meta property=\"og:locale\" content=\"en_US\" \/>\n<meta property=\"og:type\" content=\"article\" \/>\n<meta property=\"og:title\" content=\"REENCUENTRO ALUMNI - La Moderna\" \/>\n<meta property=\"og:description\" content=\"Gratos momentos se vivieron la ma\u00f1ana del s\u00e1bado 15 de octubre del 2022 en las instalaciones del plantel en un reencuentro deportivo de gran \u00edndole entre las distintas promociones que se han graduado a lo largo de la historia de La Moderna desde su primera promoci\u00f3n en 1993. Cada una de ellas desfil\u00f3 por la [&hellip;]\" \/>\n<meta property=\"og:url\" content=\"https:\/\/lamoderna.edu.ec\/en\/reencuentro-alumni\/\" \/>\n<meta property=\"og:site_name\" content=\"La Moderna\" \/>\n<meta property=\"article:publisher\" content=\"https:\/\/www.facebook.com\/lamodernaEC\/\" \/>\n<meta property=\"article:published_time\" content=\"2022-10-21T19:45:58+00:00\" \/>\n<meta property=\"og:image\" content=\"https:\/\/lamoderna.edu.ec\/wp-content\/uploads\/2022\/10\/11-14-2-e1666381687780.jpg\" \/>\n\t<meta property=\"og:image:width\" content=\"1382\" \/>\n\t<meta property=\"og:image:height\" content=\"594\" \/>\n\t<meta property=\"og:image:type\" content=\"image\/jpeg\" \/>\n<meta name=\"author\" content=\"elyxir\" \/>\n<meta name=\"twitter:card\" content=\"summary_large_image\" \/>\n<meta name=\"twitter:label1\" content=\"Written by\" \/>\n\t<meta name=\"twitter:data1\" content=\"elyxir\" \/>\n\t<meta name=\"twitter:label2\" content=\"Est. reading time\" \/>\n\t<meta name=\"twitter:data2\" content=\"1 minute\" \/>\n<script type=\"application\/ld+json\" class=\"yoast-schema-graph\">{\"@context\":\"https:\\\/\\\/schema.org\",\"@graph\":[{\"@type\":\"Article\",\"@id\":\"https:\\\/\\\/lamoderna.edu.ec\\\/reencuentro-alumni\\\/#article\",\"isPartOf\":{\"@id\":\"https:\\\/\\\/lamoderna.edu.ec\\\/reencuentro-alumni\\\/\"},\"author\":{\"name\":\"elyxir\",\"@id\":\"https:\\\/\\\/lamoderna.edu.ec\\\/#\\\/schema\\\/person\\\/dcb037ac2daad37eb1ef9bf87414fcda\"},\"headline\":\"REENCUENTRO ALUMNI\",\"datePublished\":\"2022-10-21T19:45:58+00:00\",\"mainEntityOfPage\":{\"@id\":\"https:\\\/\\\/lamoderna.edu.ec\\\/reencuentro-alumni\\\/\"},\"wordCount\":200,\"commentCount\":0,\"publisher\":{\"@id\":\"https:\\\/\\\/lamoderna.edu.ec\\\/#organization\"},\"image\":{\"@id\":\"https:\\\/\\\/lamoderna.edu.ec\\\/reencuentro-alumni\\\/#primaryimage\"},\"thumbnailUrl\":\"https:\\\/\\\/lamoderna.edu.ec\\\/wp-content\\\/uploads\\\/2022\\\/10\\\/11-14-2-e1666381687780.jpg\",\"articleSection\":[\"Sin categor\u00eda\"],\"inLanguage\":\"en-US\",\"potentialAction\":[{\"@type\":\"CommentAction\",\"name\":\"Comment\",\"target\":[\"https:\\\/\\\/lamoderna.edu.ec\\\/reencuentro-alumni\\\/#respond\"]}]},{\"@type\":\"WebPage\",\"@id\":\"https:\\\/\\\/lamoderna.edu.ec\\\/reencuentro-alumni\\\/\",\"url\":\"https:\\\/\\\/lamoderna.edu.ec\\\/reencuentro-alumni\\\/\",\"name\":\"REENCUENTRO ALUMNI - La Moderna\",\"isPartOf\":{\"@id\":\"https:\\\/\\\/lamoderna.edu.ec\\\/#website\"},\"primaryImageOfPage\":{\"@id\":\"https:\\\/\\\/lamoderna.edu.ec\\\/reencuentro-alumni\\\/#primaryimage\"},\"image\":{\"@id\":\"https:\\\/\\\/lamoderna.edu.ec\\\/reencuentro-alumni\\\/#primaryimage\"},\"thumbnailUrl\":\"https:\\\/\\\/lamoderna.edu.ec\\\/wp-content\\\/uploads\\\/2022\\\/10\\\/11-14-2-e1666381687780.jpg\",\"datePublished\":\"2022-10-21T19:45:58+00:00\",\"breadcrumb\":{\"@id\":\"https:\\\/\\\/lamoderna.edu.ec\\\/reencuentro-alumni\\\/#breadcrumb\"},\"inLanguage\":\"en-US\",\"potentialAction\":[{\"@type\":\"ReadAction\",\"target\":[\"https:\\\/\\\/lamoderna.edu.ec\\\/reencuentro-alumni\\\/\"]}]},{\"@type\":\"ImageObject\",\"inLanguage\":\"en-US\",\"@id\":\"https:\\\/\\\/lamoderna.edu.ec\\\/reencuentro-alumni\\\/#primaryimage\",\"url\":\"https:\\\/\\\/lamoderna.edu.ec\\\/wp-content\\\/uploads\\\/2022\\\/10\\\/11-14-2-e1666381687780.jpg\",\"contentUrl\":\"https:\\\/\\\/lamoderna.edu.ec\\\/wp-content\\\/uploads\\\/2022\\\/10\\\/11-14-2-e1666381687780.jpg\",\"width\":1382,\"height\":594},{\"@type\":\"BreadcrumbList\",\"@id\":\"https:\\\/\\\/lamoderna.edu.ec\\\/reencuentro-alumni\\\/#breadcrumb\",\"itemListElement\":[{\"@type\":\"ListItem\",\"position\":1,\"name\":\"Inicio\",\"item\":\"https:\\\/\\\/lamoderna.edu.ec\\\/\"},{\"@type\":\"ListItem\",\"position\":2,\"name\":\"REENCUENTRO ALUMNI\"}]},{\"@type\":\"WebSite\",\"@id\":\"https:\\\/\\\/lamoderna.edu.ec\\\/#website\",\"url\":\"https:\\\/\\\/lamoderna.edu.ec\\\/\",\"name\":\"Colegio La Moderna\",\"description\":\"Unidad Educativa Particular Biling\u00fce\",\"publisher\":{\"@id\":\"https:\\\/\\\/lamoderna.edu.ec\\\/#organization\"},\"alternateName\":\"Colegio LMO\",\"potentialAction\":[{\"@type\":\"SearchAction\",\"target\":{\"@type\":\"EntryPoint\",\"urlTemplate\":\"https:\\\/\\\/lamoderna.edu.ec\\\/?s={search_term_string}\"},\"query-input\":{\"@type\":\"PropertyValueSpecification\",\"valueRequired\":true,\"valueName\":\"search_term_string\"}}],\"inLanguage\":\"en-US\"},{\"@type\":\"Organization\",\"@id\":\"https:\\\/\\\/lamoderna.edu.ec\\\/#organization\",\"name\":\"Colegio La Moderna\",\"alternateName\":\"Colegio LMO\",\"url\":\"https:\\\/\\\/lamoderna.edu.ec\\\/\",\"logo\":{\"@type\":\"ImageObject\",\"inLanguage\":\"en-US\",\"@id\":\"https:\\\/\\\/lamoderna.edu.ec\\\/#\\\/schema\\\/logo\\\/image\\\/\",\"url\":\"https:\\\/\\\/lamoderna.edu.ec\\\/wp-content\\\/uploads\\\/2024\\\/08\\\/icono.png\",\"contentUrl\":\"https:\\\/\\\/lamoderna.edu.ec\\\/wp-content\\\/uploads\\\/2024\\\/08\\\/icono.png\",\"width\":103,\"height\":102,\"caption\":\"Colegio La Moderna\"},\"image\":{\"@id\":\"https:\\\/\\\/lamoderna.edu.ec\\\/#\\\/schema\\\/logo\\\/image\\\/\"},\"sameAs\":[\"https:\\\/\\\/www.facebook.com\\\/lamodernaEC\\\/\",\"https:\\\/\\\/www.instagram.com\\\/lamoderna_ec\\\/#\"]},{\"@type\":\"Person\",\"@id\":\"https:\\\/\\\/lamoderna.edu.ec\\\/#\\\/schema\\\/person\\\/dcb037ac2daad37eb1ef9bf87414fcda\",\"name\":\"elyxir\",\"image\":{\"@type\":\"ImageObject\",\"inLanguage\":\"en-US\",\"@id\":\"https:\\\/\\\/secure.gravatar.com\\\/avatar\\\/76e29e7f71b7ce993618bb4160e20751e0b1fb916573c8111c1bf5a78d422bdb?s=96&d=mm&r=g\",\"url\":\"https:\\\/\\\/secure.gravatar.com\\\/avatar\\\/76e29e7f71b7ce993618bb4160e20751e0b1fb916573c8111c1bf5a78d422bdb?s=96&d=mm&r=g\",\"contentUrl\":\"https:\\\/\\\/secure.gravatar.com\\\/avatar\\\/76e29e7f71b7ce993618bb4160e20751e0b1fb916573c8111c1bf5a78d422bdb?s=96&d=mm&r=g\",\"caption\":\"elyxir\"},\"sameAs\":[\"http:\\\/\\\/elyxirdigital.com.mx\"],\"url\":\"https:\\\/\\\/lamoderna.edu.ec\\\/en\\\/author\\\/elyxir\\\/\"}]}<\/script>\n<!-- \/ Yoast SEO plugin. -->","yoast_head_json":{"title":"REENCUENTRO ALUMNI - La Moderna","robots":{"index":"index","follow":"follow","max-snippet":"max-snippet:-1","max-image-preview":"max-image-preview:large","max-video-preview":"max-video-preview:-1"},"canonical":"https:\/\/lamoderna.edu.ec\/en\/reencuentro-alumni\/","og_locale":"en_US","og_type":"article","og_title":"REENCUENTRO ALUMNI - La Moderna","og_description":"Gratos momentos se vivieron la ma\u00f1ana del s\u00e1bado 15 de octubre del 2022 en las instalaciones del plantel en un reencuentro deportivo de gran \u00edndole entre las distintas promociones que se han graduado a lo largo de la historia de La Moderna desde su primera promoci\u00f3n en 1993. Cada una de ellas desfil\u00f3 por la [&hellip;]","og_url":"https:\/\/lamoderna.edu.ec\/en\/reencuentro-alumni\/","og_site_name":"La Moderna","article_publisher":"https:\/\/www.facebook.com\/lamodernaEC\/","article_published_time":"2022-10-21T19:45:58+00:00","og_image":[{"width":1382,"height":594,"url":"https:\/\/lamoderna.edu.ec\/wp-content\/uploads\/2022\/10\/11-14-2-e1666381687780.jpg","type":"image\/jpeg"}],"author":"elyxir","twitter_card":"summary_large_image","twitter_misc":{"Written by":"elyxir","Est. reading time":"1 minute"},"schema":{"@context":"https:\/\/schema.org","@graph":[{"@type":"Article","@id":"https:\/\/lamoderna.edu.ec\/reencuentro-alumni\/#article","isPartOf":{"@id":"https:\/\/lamoderna.edu.ec\/reencuentro-alumni\/"},"author":{"name":"elyxir","@id":"https:\/\/lamoderna.edu.ec\/#\/schema\/person\/dcb037ac2daad37eb1ef9bf87414fcda"},"headline":"REENCUENTRO ALUMNI","datePublished":"2022-10-21T19:45:58+00:00","mainEntityOfPage":{"@id":"https:\/\/lamoderna.edu.ec\/reencuentro-alumni\/"},"wordCount":200,"commentCount":0,"publisher":{"@id":"https:\/\/lamoderna.edu.ec\/#organization"},"image":{"@id":"https:\/\/lamoderna.edu.ec\/reencuentro-alumni\/#primaryimage"},"thumbnailUrl":"https:\/\/lamoderna.edu.ec\/wp-content\/uploads\/2022\/10\/11-14-2-e1666381687780.jpg","articleSection":["Sin categor\u00eda"],"inLanguage":"en-US","potentialAction":[{"@type":"CommentAction","name":"Comment","target":["https:\/\/lamoderna.edu.ec\/reencuentro-alumni\/#respond"]}]},{"@type":"WebPage","@id":"https:\/\/lamoderna.edu.ec\/reencuentro-alumni\/","url":"https:\/\/lamoderna.edu.ec\/reencuentro-alumni\/","name":"REENCUENTRO ALUMNI - La Moderna","isPartOf":{"@id":"https:\/\/lamoderna.edu.ec\/#website"},"primaryImageOfPage":{"@id":"https:\/\/lamoderna.edu.ec\/reencuentro-alumni\/#primaryimage"},"image":{"@id":"https:\/\/lamoderna.edu.ec\/reencuentro-alumni\/#primaryimage"},"thumbnailUrl":"https:\/\/lamoderna.edu.ec\/wp-content\/uploads\/2022\/10\/11-14-2-e1666381687780.jpg","datePublished":"2022-10-21T19:45:58+00:00","breadcrumb":{"@id":"https:\/\/lamoderna.edu.ec\/reencuentro-alumni\/#breadcrumb"},"inLanguage":"en-US","potentialAction":[{"@type":"ReadAction","target":["https:\/\/lamoderna.edu.ec\/reencuentro-alumni\/"]}]},{"@type":"ImageObject","inLanguage":"en-US","@id":"https:\/\/lamoderna.edu.ec\/reencuentro-alumni\/#primaryimage","url":"https:\/\/lamoderna.edu.ec\/wp-content\/uploads\/2022\/10\/11-14-2-e1666381687780.jpg","contentUrl":"https:\/\/lamoderna.edu.ec\/wp-content\/uploads\/2022\/10\/11-14-2-e1666381687780.jpg","width":1382,"height":594},{"@type":"BreadcrumbList","@id":"https:\/\/lamoderna.edu.ec\/reencuentro-alumni\/#breadcrumb","itemListElement":[{"@type":"ListItem","position":1,"name":"Inicio","item":"https:\/\/lamoderna.edu.ec\/"},{"@type":"ListItem","position":2,"name":"REENCUENTRO ALUMNI"}]},{"@type":"WebSite","@id":"https:\/\/lamoderna.edu.ec\/#website","url":"https:\/\/lamoderna.edu.ec\/","name":"Colegio La Moderna","description":"Unidad Educativa Particular Biling\u00fce","publisher":{"@id":"https:\/\/lamoderna.edu.ec\/#organization"},"alternateName":"Colegio LMO","potentialAction":[{"@type":"SearchAction","target":{"@type":"EntryPoint","urlTemplate":"https:\/\/lamoderna.edu.ec\/?s={search_term_string}"},"query-input":{"@type":"PropertyValueSpecification","valueRequired":true,"valueName":"search_term_string"}}],"inLanguage":"en-US"},{"@type":"Organization","@id":"https:\/\/lamoderna.edu.ec\/#organization","name":"Colegio La Moderna","alternateName":"Colegio LMO","url":"https:\/\/lamoderna.edu.ec\/","logo":{"@type":"ImageObject","inLanguage":"en-US","@id":"https:\/\/lamoderna.edu.ec\/#\/schema\/logo\/image\/","url":"https:\/\/lamoderna.edu.ec\/wp-content\/uploads\/2024\/08\/icono.png","contentUrl":"https:\/\/lamoderna.edu.ec\/wp-content\/uploads\/2024\/08\/icono.png","width":103,"height":102,"caption":"Colegio La Moderna"},"image":{"@id":"https:\/\/lamoderna.edu.ec\/#\/schema\/logo\/image\/"},"sameAs":["https:\/\/www.facebook.com\/lamodernaEC\/","https:\/\/www.instagram.com\/lamoderna_ec\/#"]},{"@type":"Person","@id":"https:\/\/lamoderna.edu.ec\/#\/schema\/person\/dcb037ac2daad37eb1ef9bf87414fcda","name":"elyxir","image":{"@type":"ImageObject","inLanguage":"en-US","@id":"https:\/\/secure.gravatar.com\/avatar\/76e29e7f71b7ce993618bb4160e20751e0b1fb916573c8111c1bf5a78d422bdb?s=96&d=mm&r=g","url":"https:\/\/secure.gravatar.com\/avatar\/76e29e7f71b7ce993618bb4160e20751e0b1fb916573c8111c1bf5a78d422bdb?s=96&d=mm&r=g","contentUrl":"https:\/\/secure.gravatar.com\/avatar\/76e29e7f71b7ce993618bb4160e20751e0b1fb916573c8111c1bf5a78d422bdb?s=96&d=mm&r=g","caption":"elyxir"},"sameAs":["http:\/\/elyxirdigital.com.mx"],"url":"https:\/\/lamoderna.edu.ec\/en\/author\/elyxir\/"}]}},"_links":{"self":[{"href":"https:\/\/lamoderna.edu.ec\/en\/wp-json\/wp\/v2\/posts\/68116","targetHints":{"allow":["GET"]}}],"collection":[{"href":"https:\/\/lamoderna.edu.ec\/en\/wp-json\/wp\/v2\/posts"}],"about":[{"href":"https:\/\/lamoderna.edu.ec\/en\/wp-json\/wp\/v2\/types\/post"}],"author":[{"embeddable":true,"href":"https:\/\/lamoderna.edu.ec\/en\/wp-json\/wp\/v2\/users\/2"}],"replies":[{"embeddable":true,"href":"https:\/\/lamoderna.edu.ec\/en\/wp-json\/wp\/v2\/comments?post=68116"}],"version-history":[{"count":0,"href":"https:\/\/lamoderna.edu.ec\/en\/wp-json\/wp\/v2\/posts\/68116\/revisions"}],"wp:featuredmedia":[{"embeddable":true,"href":"https:\/\/lamoderna.edu.ec\/en\/wp-json\/wp\/v2\/media\/68132"}],"wp:attachment":[{"href":"https:\/\/lamoderna.edu.ec\/en\/wp-json\/wp\/v2\/media?parent=68116"}],"wp:term":[{"taxonomy":"category","embeddable":true,"href":"https:\/\/lamoderna.edu.ec\/en\/wp-json\/wp\/v2\/categories?post=68116"},{"taxonomy":"post_tag","embeddable":true,"href":"https:\/\/lamoderna.edu.ec\/en\/wp-json\/wp\/v2\/tags?post=68116"}],"curies":[{"name":"wp","href":"https:\/\/api.w.org\/{rel}","templated":true}]}}