{"id":68078,"date":"2022-10-21T19:05:25","date_gmt":"2022-10-21T19:05:25","guid":{"rendered":"https:\/\/lamoderna.edu.ec\/?p=68078"},"modified":"2022-10-21T19:05:25","modified_gmt":"2022-10-21T19:05:25","slug":"primer-concurso-intercolegial-del-pasillo","status":"publish","type":"post","link":"https:\/\/lamoderna.edu.ec\/en\/primer-concurso-intercolegial-del-pasillo\/","title":{"rendered":"FIRST INTER-SCHOOL CORRIDOR CONTEST"},"content":{"rendered":"<p>Various musical performances graced the morning of October 21 in the Auditorium of La Moderna Educational Center, which brought together different school delegations with the purpose of rescuing the musical traditions among the student community, opening the way to the <strong>First Intercollegiate Contest of the Pasillo<\/strong> where various educational institutions such as IPAC, Liceo Cristiano, Panamericano, Tejar, Mariscal Sucre, La Moderna, among others, participated.<\/p>\n\n\n\n<figure class=\"wp-block-gallery has-nested-images columns-default is-cropped wp-block-gallery-1 is-layout-flex wp-block-gallery-is-layout-flex\">\n<figure class=\"wp-block-image size-large\"><img decoding=\"async\" data-id=\"68088\" src=\"https:\/\/lamoderna.edu.ec\/wp-content\/uploads\/2022\/10\/IMG_7574-1024x683.jpg\" alt=\"\" class=\"wp-image-68088\"\/><\/figure>\n\n\n\n<figure class=\"wp-block-image size-large\"><img decoding=\"async\" data-id=\"68086\" src=\"https:\/\/lamoderna.edu.ec\/wp-content\/uploads\/2022\/10\/IMG_7449-1024x683.jpg\" alt=\"\" class=\"wp-image-68086\"\/><\/figure>\n\n\n\n<figure class=\"wp-block-image size-large\"><img decoding=\"async\" data-id=\"68092\" src=\"https:\/\/lamoderna.edu.ec\/wp-content\/uploads\/2022\/10\/IMG_7531-1024x683.jpg\" alt=\"\" class=\"wp-image-68092\"\/><\/figure>\n<\/figure>\n\n\n\n<figure class=\"wp-block-gallery has-nested-images columns-default is-cropped wp-block-gallery-2 is-layout-flex wp-block-gallery-is-layout-flex\">\n<figure class=\"wp-block-image size-large\"><img decoding=\"async\" data-id=\"68091\" src=\"https:\/\/lamoderna.edu.ec\/wp-content\/uploads\/2022\/10\/IMG_7455-1024x683.jpg\" alt=\"\" class=\"wp-image-68091\"\/><\/figure>\n\n\n\n<figure class=\"wp-block-image size-large\"><img decoding=\"async\" data-id=\"68093\" src=\"https:\/\/lamoderna.edu.ec\/wp-content\/uploads\/2022\/10\/IMG_7630-1024x683.jpg\" alt=\"\" class=\"wp-image-68093\"\/><\/figure>\n\n\n\n<figure class=\"wp-block-image size-large\"><img decoding=\"async\" data-id=\"68094\" src=\"https:\/\/lamoderna.edu.ec\/wp-content\/uploads\/2022\/10\/IMG_7549-1024x683.jpg\" alt=\"\" class=\"wp-image-68094\"\/><\/figure>\n<\/figure>\n\n\n\n<p>Ernie Rivas, singer-songwriter from Guayaquil, who obtained a Master's degree in classical singing at the National Academy of Music of Ukraine in 2014, and Bernarda Pazmi\u00f1o, singer from Guayaquil and Academic Coordinator of Borkis Entertainment, were the jurors who were in charge of making the difficult decision to choose the winners of the musical morning giving as winners the representatives of Liceo Cristiano de Guayaquil and IPAC, in the categories of Basic Secondary and High School, respectively. &nbsp;<\/p>\n\n\n\n<figure class=\"wp-block-gallery has-nested-images columns-default is-cropped wp-block-gallery-3 is-layout-flex wp-block-gallery-is-layout-flex\">\n<figure class=\"wp-block-image size-large\"><img fetchpriority=\"high\" decoding=\"async\" width=\"1024\" height=\"1024\" data-id=\"68098\" src=\"https:\/\/lamoderna.edu.ec\/wp-content\/uploads\/2022\/10\/IMG1-1024x1024.jpg\" alt=\"\" class=\"wp-image-68098\" srcset=\"https:\/\/lamoderna.edu.ec\/wp-content\/uploads\/2022\/10\/IMG1-1024x1024.jpg 1024w, https:\/\/lamoderna.edu.ec\/wp-content\/uploads\/2022\/10\/IMG1-300x300.jpg 300w, https:\/\/lamoderna.edu.ec\/wp-content\/uploads\/2022\/10\/IMG1-150x150.jpg 150w, https:\/\/lamoderna.edu.ec\/wp-content\/uploads\/2022\/10\/IMG1-768x768.jpg 768w, https:\/\/lamoderna.edu.ec\/wp-content\/uploads\/2022\/10\/IMG1.jpg 1467w\" sizes=\"(max-width: 1024px) 100vw, 1024px\" \/><\/figure>\n\n\n\n<figure class=\"wp-block-image size-large\"><img decoding=\"async\" width=\"1024\" height=\"1024\" data-id=\"68099\" src=\"https:\/\/lamoderna.edu.ec\/wp-content\/uploads\/2022\/10\/IMG3-1024x1024.jpg\" alt=\"\" class=\"wp-image-68099\" srcset=\"https:\/\/lamoderna.edu.ec\/wp-content\/uploads\/2022\/10\/IMG3-1024x1024.jpg 1024w, https:\/\/lamoderna.edu.ec\/wp-content\/uploads\/2022\/10\/IMG3-300x300.jpg 300w, https:\/\/lamoderna.edu.ec\/wp-content\/uploads\/2022\/10\/IMG3-150x150.jpg 150w, https:\/\/lamoderna.edu.ec\/wp-content\/uploads\/2022\/10\/IMG3-768x768.jpg 768w, https:\/\/lamoderna.edu.ec\/wp-content\/uploads\/2022\/10\/IMG3.jpg 1467w\" sizes=\"(max-width: 1024px) 100vw, 1024px\" \/><\/figure>\n\n\n\n<figure class=\"wp-block-image size-large\"><img decoding=\"async\" width=\"1024\" height=\"1024\" data-id=\"68100\" src=\"https:\/\/lamoderna.edu.ec\/wp-content\/uploads\/2022\/10\/23-6-1024x1024.jpg\" alt=\"\" class=\"wp-image-68100\" srcset=\"https:\/\/lamoderna.edu.ec\/wp-content\/uploads\/2022\/10\/23-6-1024x1024.jpg 1024w, https:\/\/lamoderna.edu.ec\/wp-content\/uploads\/2022\/10\/23-6-300x300.jpg 300w, https:\/\/lamoderna.edu.ec\/wp-content\/uploads\/2022\/10\/23-6-150x150.jpg 150w, https:\/\/lamoderna.edu.ec\/wp-content\/uploads\/2022\/10\/23-6-768x768.jpg 768w, https:\/\/lamoderna.edu.ec\/wp-content\/uploads\/2022\/10\/23-6.jpg 1467w\" sizes=\"(max-width: 1024px) 100vw, 1024px\" \/><\/figure>\n<\/figure>\n\n\n\n<p>Among applause, bars and a lot of joy the different schools supported their representatives who performed extraordinary presentations and stressed the importance of continuing to preserve the national music.<\/p>\n\n\n\n<p>Pazmi\u00f1o indicated that \"This is just the beginning for them to continue studying and developing their voice\". Likewise, Melissa Silva, Art Coordinator of La Moderna commented that the school's initiative to unite different schools to sing melodies of a genre as important as the Pasillo is remarkable for the preservation of Ecuadorian traditions.<\/p>\n\n\n\n<p>The winners received musical instruments and one hour of recording time at Borkis.<\/p>","protected":false},"excerpt":{"rendered":"<p>Diversas presentaciones musicales engalanaron la ma\u00f1ana del 21 de octubre en el Auditorio del Centro Educativo La Moderna, quien reuni\u00f3 a diferentes delegaciones colegiales con el prop\u00f3sito de rescatar las tradiciones musicales entre la comunidad estudiantil abriendo paso al Primer Concurso Intercolegial del Pasillo donde participaron diversas instituciones educativas como IPAC, Liceo Cristiano, Panamericano, Tejar, [&hellip;]<\/p>\n","protected":false},"author":2,"featured_media":68110,"comment_status":"open","ping_status":"closed","sticky":false,"template":"","format":"standard","meta":{"footnotes":""},"categories":[104],"tags":[],"class_list":["post-68078","post","type-post","status-publish","format-standard","has-post-thumbnail","hentry","category-sin-categoria"],"yoast_head":"<!-- This site is optimized with the Yoast SEO plugin v27.5 - https:\/\/yoast.com\/product\/yoast-seo-wordpress\/ -->\n<title>PRIMER CONCURSO INTERCOLEGIAL DEL PASILLO - La Moderna<\/title>\n<meta name=\"robots\" content=\"index, follow, max-snippet:-1, max-image-preview:large, max-video-preview:-1\" \/>\n<link rel=\"canonical\" href=\"https:\/\/lamoderna.edu.ec\/en\/primer-concurso-intercolegial-del-pasillo\/\" \/>\n<meta property=\"og:locale\" content=\"en_US\" \/>\n<meta property=\"og:type\" content=\"article\" \/>\n<meta property=\"og:title\" content=\"PRIMER CONCURSO INTERCOLEGIAL DEL PASILLO - La Moderna\" \/>\n<meta property=\"og:description\" content=\"Diversas presentaciones musicales engalanaron la ma\u00f1ana del 21 de octubre en el Auditorio del Centro Educativo La Moderna, quien reuni\u00f3 a diferentes delegaciones colegiales con el prop\u00f3sito de rescatar las tradiciones musicales entre la comunidad estudiantil abriendo paso al Primer Concurso Intercolegial del Pasillo donde participaron diversas instituciones educativas como IPAC, Liceo Cristiano, Panamericano, Tejar, [&hellip;]\" \/>\n<meta property=\"og:url\" content=\"https:\/\/lamoderna.edu.ec\/en\/primer-concurso-intercolegial-del-pasillo\/\" \/>\n<meta property=\"og:site_name\" content=\"La Moderna\" \/>\n<meta property=\"article:publisher\" content=\"https:\/\/www.facebook.com\/lamodernaEC\/\" \/>\n<meta property=\"article:published_time\" content=\"2022-10-21T19:05:25+00:00\" \/>\n<meta property=\"og:image\" content=\"https:\/\/lamoderna.edu.ec\/wp-content\/uploads\/2022\/10\/34-3-1.jpg\" \/>\n\t<meta property=\"og:image:width\" content=\"1467\" \/>\n\t<meta property=\"og:image:height\" content=\"821\" \/>\n\t<meta property=\"og:image:type\" content=\"image\/jpeg\" \/>\n<meta name=\"author\" content=\"elyxir\" \/>\n<meta name=\"twitter:card\" content=\"summary_large_image\" \/>\n<meta name=\"twitter:label1\" content=\"Written by\" \/>\n\t<meta name=\"twitter:data1\" content=\"elyxir\" \/>\n\t<meta name=\"twitter:label2\" content=\"Est. reading time\" \/>\n\t<meta name=\"twitter:data2\" content=\"1 minute\" \/>\n<script type=\"application\/ld+json\" class=\"yoast-schema-graph\">{\"@context\":\"https:\\\/\\\/schema.org\",\"@graph\":[{\"@type\":\"Article\",\"@id\":\"https:\\\/\\\/lamoderna.edu.ec\\\/primer-concurso-intercolegial-del-pasillo\\\/#article\",\"isPartOf\":{\"@id\":\"https:\\\/\\\/lamoderna.edu.ec\\\/primer-concurso-intercolegial-del-pasillo\\\/\"},\"author\":{\"name\":\"elyxir\",\"@id\":\"https:\\\/\\\/lamoderna.edu.ec\\\/#\\\/schema\\\/person\\\/dcb037ac2daad37eb1ef9bf87414fcda\"},\"headline\":\"PRIMER CONCURSO INTERCOLEGIAL DEL PASILLO\",\"datePublished\":\"2022-10-21T19:05:25+00:00\",\"mainEntityOfPage\":{\"@id\":\"https:\\\/\\\/lamoderna.edu.ec\\\/primer-concurso-intercolegial-del-pasillo\\\/\"},\"wordCount\":263,\"commentCount\":0,\"publisher\":{\"@id\":\"https:\\\/\\\/lamoderna.edu.ec\\\/#organization\"},\"image\":{\"@id\":\"https:\\\/\\\/lamoderna.edu.ec\\\/primer-concurso-intercolegial-del-pasillo\\\/#primaryimage\"},\"thumbnailUrl\":\"https:\\\/\\\/lamoderna.edu.ec\\\/wp-content\\\/uploads\\\/2022\\\/10\\\/34-3-1.jpg\",\"articleSection\":[\"Sin categor\u00eda\"],\"inLanguage\":\"en-US\",\"potentialAction\":[{\"@type\":\"CommentAction\",\"name\":\"Comment\",\"target\":[\"https:\\\/\\\/lamoderna.edu.ec\\\/primer-concurso-intercolegial-del-pasillo\\\/#respond\"]}]},{\"@type\":\"WebPage\",\"@id\":\"https:\\\/\\\/lamoderna.edu.ec\\\/primer-concurso-intercolegial-del-pasillo\\\/\",\"url\":\"https:\\\/\\\/lamoderna.edu.ec\\\/primer-concurso-intercolegial-del-pasillo\\\/\",\"name\":\"PRIMER CONCURSO INTERCOLEGIAL DEL PASILLO - La Moderna\",\"isPartOf\":{\"@id\":\"https:\\\/\\\/lamoderna.edu.ec\\\/#website\"},\"primaryImageOfPage\":{\"@id\":\"https:\\\/\\\/lamoderna.edu.ec\\\/primer-concurso-intercolegial-del-pasillo\\\/#primaryimage\"},\"image\":{\"@id\":\"https:\\\/\\\/lamoderna.edu.ec\\\/primer-concurso-intercolegial-del-pasillo\\\/#primaryimage\"},\"thumbnailUrl\":\"https:\\\/\\\/lamoderna.edu.ec\\\/wp-content\\\/uploads\\\/2022\\\/10\\\/34-3-1.jpg\",\"datePublished\":\"2022-10-21T19:05:25+00:00\",\"breadcrumb\":{\"@id\":\"https:\\\/\\\/lamoderna.edu.ec\\\/primer-concurso-intercolegial-del-pasillo\\\/#breadcrumb\"},\"inLanguage\":\"en-US\",\"potentialAction\":[{\"@type\":\"ReadAction\",\"target\":[\"https:\\\/\\\/lamoderna.edu.ec\\\/primer-concurso-intercolegial-del-pasillo\\\/\"]}]},{\"@type\":\"ImageObject\",\"inLanguage\":\"en-US\",\"@id\":\"https:\\\/\\\/lamoderna.edu.ec\\\/primer-concurso-intercolegial-del-pasillo\\\/#primaryimage\",\"url\":\"https:\\\/\\\/lamoderna.edu.ec\\\/wp-content\\\/uploads\\\/2022\\\/10\\\/34-3-1.jpg\",\"contentUrl\":\"https:\\\/\\\/lamoderna.edu.ec\\\/wp-content\\\/uploads\\\/2022\\\/10\\\/34-3-1.jpg\",\"width\":1467,\"height\":821},{\"@type\":\"BreadcrumbList\",\"@id\":\"https:\\\/\\\/lamoderna.edu.ec\\\/primer-concurso-intercolegial-del-pasillo\\\/#breadcrumb\",\"itemListElement\":[{\"@type\":\"ListItem\",\"position\":1,\"name\":\"Inicio\",\"item\":\"https:\\\/\\\/lamoderna.edu.ec\\\/\"},{\"@type\":\"ListItem\",\"position\":2,\"name\":\"PRIMER CONCURSO INTERCOLEGIAL DEL PASILLO\"}]},{\"@type\":\"WebSite\",\"@id\":\"https:\\\/\\\/lamoderna.edu.ec\\\/#website\",\"url\":\"https:\\\/\\\/lamoderna.edu.ec\\\/\",\"name\":\"Colegio La Moderna\",\"description\":\"Unidad Educativa Particular Biling\u00fce\",\"publisher\":{\"@id\":\"https:\\\/\\\/lamoderna.edu.ec\\\/#organization\"},\"alternateName\":\"Colegio LMO\",\"potentialAction\":[{\"@type\":\"SearchAction\",\"target\":{\"@type\":\"EntryPoint\",\"urlTemplate\":\"https:\\\/\\\/lamoderna.edu.ec\\\/?s={search_term_string}\"},\"query-input\":{\"@type\":\"PropertyValueSpecification\",\"valueRequired\":true,\"valueName\":\"search_term_string\"}}],\"inLanguage\":\"en-US\"},{\"@type\":\"Organization\",\"@id\":\"https:\\\/\\\/lamoderna.edu.ec\\\/#organization\",\"name\":\"Colegio La Moderna\",\"alternateName\":\"Colegio LMO\",\"url\":\"https:\\\/\\\/lamoderna.edu.ec\\\/\",\"logo\":{\"@type\":\"ImageObject\",\"inLanguage\":\"en-US\",\"@id\":\"https:\\\/\\\/lamoderna.edu.ec\\\/#\\\/schema\\\/logo\\\/image\\\/\",\"url\":\"https:\\\/\\\/lamoderna.edu.ec\\\/wp-content\\\/uploads\\\/2024\\\/08\\\/icono.png\",\"contentUrl\":\"https:\\\/\\\/lamoderna.edu.ec\\\/wp-content\\\/uploads\\\/2024\\\/08\\\/icono.png\",\"width\":103,\"height\":102,\"caption\":\"Colegio La Moderna\"},\"image\":{\"@id\":\"https:\\\/\\\/lamoderna.edu.ec\\\/#\\\/schema\\\/logo\\\/image\\\/\"},\"sameAs\":[\"https:\\\/\\\/www.facebook.com\\\/lamodernaEC\\\/\",\"https:\\\/\\\/www.instagram.com\\\/lamoderna_ec\\\/#\"]},{\"@type\":\"Person\",\"@id\":\"https:\\\/\\\/lamoderna.edu.ec\\\/#\\\/schema\\\/person\\\/dcb037ac2daad37eb1ef9bf87414fcda\",\"name\":\"elyxir\",\"image\":{\"@type\":\"ImageObject\",\"inLanguage\":\"en-US\",\"@id\":\"https:\\\/\\\/secure.gravatar.com\\\/avatar\\\/76e29e7f71b7ce993618bb4160e20751e0b1fb916573c8111c1bf5a78d422bdb?s=96&d=mm&r=g\",\"url\":\"https:\\\/\\\/secure.gravatar.com\\\/avatar\\\/76e29e7f71b7ce993618bb4160e20751e0b1fb916573c8111c1bf5a78d422bdb?s=96&d=mm&r=g\",\"contentUrl\":\"https:\\\/\\\/secure.gravatar.com\\\/avatar\\\/76e29e7f71b7ce993618bb4160e20751e0b1fb916573c8111c1bf5a78d422bdb?s=96&d=mm&r=g\",\"caption\":\"elyxir\"},\"sameAs\":[\"http:\\\/\\\/elyxirdigital.com.mx\"],\"url\":\"https:\\\/\\\/lamoderna.edu.ec\\\/en\\\/author\\\/elyxir\\\/\"}]}<\/script>\n<!-- \/ Yoast SEO plugin. -->","yoast_head_json":{"title":"PRIMER CONCURSO INTERCOLEGIAL DEL PASILLO - La Moderna","robots":{"index":"index","follow":"follow","max-snippet":"max-snippet:-1","max-image-preview":"max-image-preview:large","max-video-preview":"max-video-preview:-1"},"canonical":"https:\/\/lamoderna.edu.ec\/en\/primer-concurso-intercolegial-del-pasillo\/","og_locale":"en_US","og_type":"article","og_title":"PRIMER CONCURSO INTERCOLEGIAL DEL PASILLO - La Moderna","og_description":"Diversas presentaciones musicales engalanaron la ma\u00f1ana del 21 de octubre en el Auditorio del Centro Educativo La Moderna, quien reuni\u00f3 a diferentes delegaciones colegiales con el prop\u00f3sito de rescatar las tradiciones musicales entre la comunidad estudiantil abriendo paso al Primer Concurso Intercolegial del Pasillo donde participaron diversas instituciones educativas como IPAC, Liceo Cristiano, Panamericano, Tejar, [&hellip;]","og_url":"https:\/\/lamoderna.edu.ec\/en\/primer-concurso-intercolegial-del-pasillo\/","og_site_name":"La Moderna","article_publisher":"https:\/\/www.facebook.com\/lamodernaEC\/","article_published_time":"2022-10-21T19:05:25+00:00","og_image":[{"width":1467,"height":821,"url":"https:\/\/lamoderna.edu.ec\/wp-content\/uploads\/2022\/10\/34-3-1.jpg","type":"image\/jpeg"}],"author":"elyxir","twitter_card":"summary_large_image","twitter_misc":{"Written by":"elyxir","Est. reading time":"1 minute"},"schema":{"@context":"https:\/\/schema.org","@graph":[{"@type":"Article","@id":"https:\/\/lamoderna.edu.ec\/primer-concurso-intercolegial-del-pasillo\/#article","isPartOf":{"@id":"https:\/\/lamoderna.edu.ec\/primer-concurso-intercolegial-del-pasillo\/"},"author":{"name":"elyxir","@id":"https:\/\/lamoderna.edu.ec\/#\/schema\/person\/dcb037ac2daad37eb1ef9bf87414fcda"},"headline":"PRIMER CONCURSO INTERCOLEGIAL DEL PASILLO","datePublished":"2022-10-21T19:05:25+00:00","mainEntityOfPage":{"@id":"https:\/\/lamoderna.edu.ec\/primer-concurso-intercolegial-del-pasillo\/"},"wordCount":263,"commentCount":0,"publisher":{"@id":"https:\/\/lamoderna.edu.ec\/#organization"},"image":{"@id":"https:\/\/lamoderna.edu.ec\/primer-concurso-intercolegial-del-pasillo\/#primaryimage"},"thumbnailUrl":"https:\/\/lamoderna.edu.ec\/wp-content\/uploads\/2022\/10\/34-3-1.jpg","articleSection":["Sin categor\u00eda"],"inLanguage":"en-US","potentialAction":[{"@type":"CommentAction","name":"Comment","target":["https:\/\/lamoderna.edu.ec\/primer-concurso-intercolegial-del-pasillo\/#respond"]}]},{"@type":"WebPage","@id":"https:\/\/lamoderna.edu.ec\/primer-concurso-intercolegial-del-pasillo\/","url":"https:\/\/lamoderna.edu.ec\/primer-concurso-intercolegial-del-pasillo\/","name":"PRIMER CONCURSO INTERCOLEGIAL DEL PASILLO - La Moderna","isPartOf":{"@id":"https:\/\/lamoderna.edu.ec\/#website"},"primaryImageOfPage":{"@id":"https:\/\/lamoderna.edu.ec\/primer-concurso-intercolegial-del-pasillo\/#primaryimage"},"image":{"@id":"https:\/\/lamoderna.edu.ec\/primer-concurso-intercolegial-del-pasillo\/#primaryimage"},"thumbnailUrl":"https:\/\/lamoderna.edu.ec\/wp-content\/uploads\/2022\/10\/34-3-1.jpg","datePublished":"2022-10-21T19:05:25+00:00","breadcrumb":{"@id":"https:\/\/lamoderna.edu.ec\/primer-concurso-intercolegial-del-pasillo\/#breadcrumb"},"inLanguage":"en-US","potentialAction":[{"@type":"ReadAction","target":["https:\/\/lamoderna.edu.ec\/primer-concurso-intercolegial-del-pasillo\/"]}]},{"@type":"ImageObject","inLanguage":"en-US","@id":"https:\/\/lamoderna.edu.ec\/primer-concurso-intercolegial-del-pasillo\/#primaryimage","url":"https:\/\/lamoderna.edu.ec\/wp-content\/uploads\/2022\/10\/34-3-1.jpg","contentUrl":"https:\/\/lamoderna.edu.ec\/wp-content\/uploads\/2022\/10\/34-3-1.jpg","width":1467,"height":821},{"@type":"BreadcrumbList","@id":"https:\/\/lamoderna.edu.ec\/primer-concurso-intercolegial-del-pasillo\/#breadcrumb","itemListElement":[{"@type":"ListItem","position":1,"name":"Inicio","item":"https:\/\/lamoderna.edu.ec\/"},{"@type":"ListItem","position":2,"name":"PRIMER CONCURSO INTERCOLEGIAL DEL PASILLO"}]},{"@type":"WebSite","@id":"https:\/\/lamoderna.edu.ec\/#website","url":"https:\/\/lamoderna.edu.ec\/","name":"Colegio La Moderna","description":"Unidad Educativa Particular Biling\u00fce","publisher":{"@id":"https:\/\/lamoderna.edu.ec\/#organization"},"alternateName":"Colegio LMO","potentialAction":[{"@type":"SearchAction","target":{"@type":"EntryPoint","urlTemplate":"https:\/\/lamoderna.edu.ec\/?s={search_term_string}"},"query-input":{"@type":"PropertyValueSpecification","valueRequired":true,"valueName":"search_term_string"}}],"inLanguage":"en-US"},{"@type":"Organization","@id":"https:\/\/lamoderna.edu.ec\/#organization","name":"Colegio La Moderna","alternateName":"Colegio LMO","url":"https:\/\/lamoderna.edu.ec\/","logo":{"@type":"ImageObject","inLanguage":"en-US","@id":"https:\/\/lamoderna.edu.ec\/#\/schema\/logo\/image\/","url":"https:\/\/lamoderna.edu.ec\/wp-content\/uploads\/2024\/08\/icono.png","contentUrl":"https:\/\/lamoderna.edu.ec\/wp-content\/uploads\/2024\/08\/icono.png","width":103,"height":102,"caption":"Colegio La Moderna"},"image":{"@id":"https:\/\/lamoderna.edu.ec\/#\/schema\/logo\/image\/"},"sameAs":["https:\/\/www.facebook.com\/lamodernaEC\/","https:\/\/www.instagram.com\/lamoderna_ec\/#"]},{"@type":"Person","@id":"https:\/\/lamoderna.edu.ec\/#\/schema\/person\/dcb037ac2daad37eb1ef9bf87414fcda","name":"elyxir","image":{"@type":"ImageObject","inLanguage":"en-US","@id":"https:\/\/secure.gravatar.com\/avatar\/76e29e7f71b7ce993618bb4160e20751e0b1fb916573c8111c1bf5a78d422bdb?s=96&d=mm&r=g","url":"https:\/\/secure.gravatar.com\/avatar\/76e29e7f71b7ce993618bb4160e20751e0b1fb916573c8111c1bf5a78d422bdb?s=96&d=mm&r=g","contentUrl":"https:\/\/secure.gravatar.com\/avatar\/76e29e7f71b7ce993618bb4160e20751e0b1fb916573c8111c1bf5a78d422bdb?s=96&d=mm&r=g","caption":"elyxir"},"sameAs":["http:\/\/elyxirdigital.com.mx"],"url":"https:\/\/lamoderna.edu.ec\/en\/author\/elyxir\/"}]}},"_links":{"self":[{"href":"https:\/\/lamoderna.edu.ec\/en\/wp-json\/wp\/v2\/posts\/68078","targetHints":{"allow":["GET"]}}],"collection":[{"href":"https:\/\/lamoderna.edu.ec\/en\/wp-json\/wp\/v2\/posts"}],"about":[{"href":"https:\/\/lamoderna.edu.ec\/en\/wp-json\/wp\/v2\/types\/post"}],"author":[{"embeddable":true,"href":"https:\/\/lamoderna.edu.ec\/en\/wp-json\/wp\/v2\/users\/2"}],"replies":[{"embeddable":true,"href":"https:\/\/lamoderna.edu.ec\/en\/wp-json\/wp\/v2\/comments?post=68078"}],"version-history":[{"count":0,"href":"https:\/\/lamoderna.edu.ec\/en\/wp-json\/wp\/v2\/posts\/68078\/revisions"}],"wp:featuredmedia":[{"embeddable":true,"href":"https:\/\/lamoderna.edu.ec\/en\/wp-json\/wp\/v2\/media\/68110"}],"wp:attachment":[{"href":"https:\/\/lamoderna.edu.ec\/en\/wp-json\/wp\/v2\/media?parent=68078"}],"wp:term":[{"taxonomy":"category","embeddable":true,"href":"https:\/\/lamoderna.edu.ec\/en\/wp-json\/wp\/v2\/categories?post=68078"},{"taxonomy":"post_tag","embeddable":true,"href":"https:\/\/lamoderna.edu.ec\/en\/wp-json\/wp\/v2\/tags?post=68078"}],"curies":[{"name":"wp","href":"https:\/\/api.w.org\/{rel}","templated":true}]}}