{"id":5898,"date":"2022-06-03T15:43:55","date_gmt":"2022-06-03T15:43:55","guid":{"rendered":"https:\/\/lamoderna.edu.ec\/?p=5898"},"modified":"2022-06-03T15:43:55","modified_gmt":"2022-06-03T15:43:55","slug":"aniversario-39-centro-educativo-la-moderna","status":"publish","type":"post","link":"https:\/\/lamoderna.edu.ec\/en\/aniversario-39-centro-educativo-la-moderna\/","title":{"rendered":"39TH ANNIVERSARY LA MODERNA"},"content":{"rendered":"<p>Last Tuesday, May 31, the thirty-ninth ceremony was held to commemorate the years of institutional life of the Educational Center. University authorities, school authorities, education partners and more, accompanied the school authorities to participate in this moment of value as a reminder of the teachings and transitions that La Moderna has experienced in its years of existence. <\/p>\n\n\n\n<p>Among the awards, presents from the Instituto Tecnol\u00f3gico Argos, International House, Liceo Panamericano Centenario, Liceo Panamericano Samborond\u00f3n were received. <\/p>\n\n\n\n<figure class=\"wp-block-gallery has-nested-images columns-default is-cropped wp-block-gallery-1 is-layout-flex wp-block-gallery-is-layout-flex\">\n<figure class=\"wp-block-image size-large\"><img fetchpriority=\"high\" decoding=\"async\" width=\"1024\" height=\"1024\" data-id=\"5900\" src=\"https:\/\/lamoderna.edu.ec\/wp-content\/uploads\/2022\/06\/285331857_5122094467871405_5590103620952372725_n-1024x1024.jpg\" alt=\"\" class=\"wp-image-5900\" srcset=\"https:\/\/lamoderna.edu.ec\/wp-content\/uploads\/2022\/06\/285331857_5122094467871405_5590103620952372725_n-1024x1024.jpg 1024w, https:\/\/lamoderna.edu.ec\/wp-content\/uploads\/2022\/06\/285331857_5122094467871405_5590103620952372725_n-300x300.jpg 300w, https:\/\/lamoderna.edu.ec\/wp-content\/uploads\/2022\/06\/285331857_5122094467871405_5590103620952372725_n-150x150.jpg 150w, https:\/\/lamoderna.edu.ec\/wp-content\/uploads\/2022\/06\/285331857_5122094467871405_5590103620952372725_n-768x768.jpg 768w, https:\/\/lamoderna.edu.ec\/wp-content\/uploads\/2022\/06\/285331857_5122094467871405_5590103620952372725_n.jpg 1467w\" sizes=\"(max-width: 1024px) 100vw, 1024px\" \/><\/figure>\n\n\n\n<figure class=\"wp-block-image size-large\"><img decoding=\"async\" width=\"1024\" height=\"1024\" data-id=\"5901\" src=\"https:\/\/lamoderna.edu.ec\/wp-content\/uploads\/2022\/06\/285508477_5122094451204740_5348132669999379751_n-1024x1024.jpg\" alt=\"\" class=\"wp-image-5901\" srcset=\"https:\/\/lamoderna.edu.ec\/wp-content\/uploads\/2022\/06\/285508477_5122094451204740_5348132669999379751_n-1024x1024.jpg 1024w, https:\/\/lamoderna.edu.ec\/wp-content\/uploads\/2022\/06\/285508477_5122094451204740_5348132669999379751_n-300x300.jpg 300w, https:\/\/lamoderna.edu.ec\/wp-content\/uploads\/2022\/06\/285508477_5122094451204740_5348132669999379751_n-150x150.jpg 150w, https:\/\/lamoderna.edu.ec\/wp-content\/uploads\/2022\/06\/285508477_5122094451204740_5348132669999379751_n-768x768.jpg 768w, https:\/\/lamoderna.edu.ec\/wp-content\/uploads\/2022\/06\/285508477_5122094451204740_5348132669999379751_n.jpg 1467w\" sizes=\"(max-width: 1024px) 100vw, 1024px\" \/><\/figure>\n\n\n\n<figure class=\"wp-block-image size-large\"><img decoding=\"async\" width=\"1024\" height=\"1024\" data-id=\"5902\" src=\"https:\/\/lamoderna.edu.ec\/wp-content\/uploads\/2022\/06\/285658360_5122094557871396_2692614067642350008_n-1024x1024.jpg\" alt=\"\" class=\"wp-image-5902\" srcset=\"https:\/\/lamoderna.edu.ec\/wp-content\/uploads\/2022\/06\/285658360_5122094557871396_2692614067642350008_n-1024x1024.jpg 1024w, https:\/\/lamoderna.edu.ec\/wp-content\/uploads\/2022\/06\/285658360_5122094557871396_2692614067642350008_n-300x300.jpg 300w, https:\/\/lamoderna.edu.ec\/wp-content\/uploads\/2022\/06\/285658360_5122094557871396_2692614067642350008_n-150x150.jpg 150w, https:\/\/lamoderna.edu.ec\/wp-content\/uploads\/2022\/06\/285658360_5122094557871396_2692614067642350008_n-768x768.jpg 768w, https:\/\/lamoderna.edu.ec\/wp-content\/uploads\/2022\/06\/285658360_5122094557871396_2692614067642350008_n.jpg 1467w\" sizes=\"(max-width: 1024px) 100vw, 1024px\" \/><\/figure>\n<\/figure>\n\n\n\n<p>Collaborators who have been in the Educational Center for 10, 20, 25 and 30 years were also recognized, and with loud applause from the audience, they were celebrated and rewarded for their hard work throughout so many years as part of the La Moderna Family. <\/p>\n\n\n\n<figure class=\"wp-block-gallery has-nested-images columns-default is-cropped wp-block-gallery-2 is-layout-flex wp-block-gallery-is-layout-flex\">\n<figure class=\"wp-block-image size-large\"><img loading=\"lazy\" decoding=\"async\" width=\"1024\" height=\"1024\" data-id=\"5906\" src=\"https:\/\/lamoderna.edu.ec\/wp-content\/uploads\/2022\/06\/1-1-1024x1024.jpg\" alt=\"\" class=\"wp-image-5906\" srcset=\"https:\/\/lamoderna.edu.ec\/wp-content\/uploads\/2022\/06\/1-1-1024x1024.jpg 1024w, https:\/\/lamoderna.edu.ec\/wp-content\/uploads\/2022\/06\/1-1-300x300.jpg 300w, https:\/\/lamoderna.edu.ec\/wp-content\/uploads\/2022\/06\/1-1-150x150.jpg 150w, https:\/\/lamoderna.edu.ec\/wp-content\/uploads\/2022\/06\/1-1-768x768.jpg 768w, https:\/\/lamoderna.edu.ec\/wp-content\/uploads\/2022\/06\/1-1.jpg 1100w\" sizes=\"(max-width: 1024px) 100vw, 1024px\" \/><\/figure>\n\n\n\n<figure class=\"wp-block-image size-large\"><img loading=\"lazy\" decoding=\"async\" width=\"1024\" height=\"1024\" data-id=\"5907\" src=\"https:\/\/lamoderna.edu.ec\/wp-content\/uploads\/2022\/06\/285507597_5122118641202321_6184896694248228434_n-1024x1024.jpg\" alt=\"\" class=\"wp-image-5907\" srcset=\"https:\/\/lamoderna.edu.ec\/wp-content\/uploads\/2022\/06\/285507597_5122118641202321_6184896694248228434_n-1024x1024.jpg 1024w, https:\/\/lamoderna.edu.ec\/wp-content\/uploads\/2022\/06\/285507597_5122118641202321_6184896694248228434_n-300x300.jpg 300w, https:\/\/lamoderna.edu.ec\/wp-content\/uploads\/2022\/06\/285507597_5122118641202321_6184896694248228434_n-150x150.jpg 150w, https:\/\/lamoderna.edu.ec\/wp-content\/uploads\/2022\/06\/285507597_5122118641202321_6184896694248228434_n-768x768.jpg 768w, https:\/\/lamoderna.edu.ec\/wp-content\/uploads\/2022\/06\/285507597_5122118641202321_6184896694248228434_n.jpg 1467w\" sizes=\"(max-width: 1024px) 100vw, 1024px\" \/><\/figure>\n\n\n\n<figure class=\"wp-block-image size-large\"><img loading=\"lazy\" decoding=\"async\" width=\"1024\" height=\"1024\" data-id=\"5908\" src=\"https:\/\/lamoderna.edu.ec\/wp-content\/uploads\/2022\/06\/285589572_5122118597868992_3394056067477427496_n-1024x1024.jpg\" alt=\"\" class=\"wp-image-5908\" srcset=\"https:\/\/lamoderna.edu.ec\/wp-content\/uploads\/2022\/06\/285589572_5122118597868992_3394056067477427496_n-1024x1024.jpg 1024w, https:\/\/lamoderna.edu.ec\/wp-content\/uploads\/2022\/06\/285589572_5122118597868992_3394056067477427496_n-300x300.jpg 300w, https:\/\/lamoderna.edu.ec\/wp-content\/uploads\/2022\/06\/285589572_5122118597868992_3394056067477427496_n-150x150.jpg 150w, https:\/\/lamoderna.edu.ec\/wp-content\/uploads\/2022\/06\/285589572_5122118597868992_3394056067477427496_n-768x768.jpg 768w, https:\/\/lamoderna.edu.ec\/wp-content\/uploads\/2022\/06\/285589572_5122118597868992_3394056067477427496_n.jpg 1467w\" sizes=\"(max-width: 1024px) 100vw, 1024px\" \/><\/figure>\n\n\n\n<figure class=\"wp-block-image size-large\"><img loading=\"lazy\" decoding=\"async\" width=\"1024\" height=\"1024\" data-id=\"5909\" src=\"https:\/\/lamoderna.edu.ec\/wp-content\/uploads\/2022\/06\/2-1-1024x1024.jpg\" alt=\"\" class=\"wp-image-5909\" srcset=\"https:\/\/lamoderna.edu.ec\/wp-content\/uploads\/2022\/06\/2-1-1024x1024.jpg 1024w, https:\/\/lamoderna.edu.ec\/wp-content\/uploads\/2022\/06\/2-1-300x300.jpg 300w, https:\/\/lamoderna.edu.ec\/wp-content\/uploads\/2022\/06\/2-1-150x150.jpg 150w, https:\/\/lamoderna.edu.ec\/wp-content\/uploads\/2022\/06\/2-1-768x768.jpg 768w, https:\/\/lamoderna.edu.ec\/wp-content\/uploads\/2022\/06\/2-1.jpg 1100w\" sizes=\"(max-width: 1024px) 100vw, 1024px\" \/><\/figure>\n\n\n\n<figure class=\"wp-block-image size-large\"><img loading=\"lazy\" decoding=\"async\" width=\"1024\" height=\"1024\" data-id=\"5910\" src=\"https:\/\/lamoderna.edu.ec\/wp-content\/uploads\/2022\/06\/285811125_5122118501202335_1991678684301164509_n-1024x1024.jpg\" alt=\"\" class=\"wp-image-5910\" srcset=\"https:\/\/lamoderna.edu.ec\/wp-content\/uploads\/2022\/06\/285811125_5122118501202335_1991678684301164509_n-1024x1024.jpg 1024w, https:\/\/lamoderna.edu.ec\/wp-content\/uploads\/2022\/06\/285811125_5122118501202335_1991678684301164509_n-300x300.jpg 300w, https:\/\/lamoderna.edu.ec\/wp-content\/uploads\/2022\/06\/285811125_5122118501202335_1991678684301164509_n-150x150.jpg 150w, https:\/\/lamoderna.edu.ec\/wp-content\/uploads\/2022\/06\/285811125_5122118501202335_1991678684301164509_n-768x768.jpg 768w, https:\/\/lamoderna.edu.ec\/wp-content\/uploads\/2022\/06\/285811125_5122118501202335_1991678684301164509_n.jpg 1467w\" sizes=\"(max-width: 1024px) 100vw, 1024px\" \/><\/figure>\n\n\n\n<figure class=\"wp-block-image size-large\"><img loading=\"lazy\" decoding=\"async\" width=\"1024\" height=\"1024\" data-id=\"5911\" src=\"https:\/\/lamoderna.edu.ec\/wp-content\/uploads\/2022\/06\/285608833_5122118427869009_339754480308714308_n-1024x1024.jpg\" alt=\"\" class=\"wp-image-5911\" srcset=\"https:\/\/lamoderna.edu.ec\/wp-content\/uploads\/2022\/06\/285608833_5122118427869009_339754480308714308_n-1024x1024.jpg 1024w, https:\/\/lamoderna.edu.ec\/wp-content\/uploads\/2022\/06\/285608833_5122118427869009_339754480308714308_n-300x300.jpg 300w, https:\/\/lamoderna.edu.ec\/wp-content\/uploads\/2022\/06\/285608833_5122118427869009_339754480308714308_n-150x150.jpg 150w, https:\/\/lamoderna.edu.ec\/wp-content\/uploads\/2022\/06\/285608833_5122118427869009_339754480308714308_n-768x768.jpg 768w, https:\/\/lamoderna.edu.ec\/wp-content\/uploads\/2022\/06\/285608833_5122118427869009_339754480308714308_n.jpg 1467w\" sizes=\"(max-width: 1024px) 100vw, 1024px\" \/><\/figure>\n<\/figure>\n\n\n\n<p><strong>10 years of service:<\/strong> Ginger Cruz, Jenny Garc\u00eda, Maritza Rey, Carlos M\u00e9ndez.<\/p>\n\n\n\n<p><strong>20 years of service:<\/strong> Tatiana Orces, Mar\u00eda Mercedes Vill\u00f3n.<\/p>\n\n\n\n<p><strong>25 years of service:<\/strong> Antonio Menoscal<\/p>\n\n\n\n<p><strong>30 years of service:<\/strong> Tania Mu\u00f1oz, quien recibi\u00f3 Bot\u00f3n de Oro.<\/p>\n\n\n\n<figure class=\"wp-block-embed is-type-video is-provider-youtube wp-block-embed-youtube wp-embed-aspect-16-9 wp-has-aspect-ratio\"><div class=\"wp-block-embed__wrapper\">\n<iframe title=\"Sesi\u00f3n Solemne 39 a\u00f1os La Moderna\" width=\"640\" height=\"360\" src=\"https:\/\/www.youtube.com\/embed\/KN-epNNqz7c?start=10&#038;feature=oembed\" frameborder=\"0\" allow=\"accelerometer; autoplay; clipboard-write; encrypted-media; gyroscope; picture-in-picture; web-share\" referrerpolicy=\"strict-origin-when-cross-origin\" allowfullscreen><\/iframe>\n<\/div><\/figure>","protected":false},"excerpt":{"rendered":"<p>Se celebr\u00f3 el pasado Martes 31 de mayo el trig\u00e9simo noveno acto en conmemoraci\u00f3n a los a\u00f1os de vida institucional del Centro Educativo. Autoridades Universitarias, Colegiales, Agremiados a la Educaci\u00f3n y m\u00e1s, acompa\u00f1aron a las autoridades del plantel a ser part\u00edcipes de lo que ser\u00eda, un momento de valor como recordatorio de las ense\u00f1anzas y [&hellip;]<\/p>\n","protected":false},"author":2,"featured_media":5899,"comment_status":"open","ping_status":"open","sticky":false,"template":"","format":"standard","meta":{"footnotes":""},"categories":[104],"tags":[],"class_list":["post-5898","post","type-post","status-publish","format-standard","has-post-thumbnail","hentry","category-sin-categoria"],"yoast_head":"<!-- This site is optimized with the Yoast SEO plugin v27.5 - https:\/\/yoast.com\/product\/yoast-seo-wordpress\/ -->\n<title>ANIVERSARIO 39 CENTRO EDUCATIVO LA MODERNA - La Moderna<\/title>\n<meta name=\"robots\" content=\"index, follow, max-snippet:-1, max-image-preview:large, max-video-preview:-1\" \/>\n<link rel=\"canonical\" href=\"https:\/\/lamoderna.edu.ec\/en\/aniversario-39-centro-educativo-la-moderna\/\" \/>\n<meta property=\"og:locale\" content=\"en_US\" \/>\n<meta property=\"og:type\" content=\"article\" \/>\n<meta property=\"og:title\" content=\"ANIVERSARIO 39 CENTRO EDUCATIVO LA MODERNA - La Moderna\" \/>\n<meta property=\"og:description\" content=\"Se celebr\u00f3 el pasado Martes 31 de mayo el trig\u00e9simo noveno acto en conmemoraci\u00f3n a los a\u00f1os de vida institucional del Centro Educativo. Autoridades Universitarias, Colegiales, Agremiados a la Educaci\u00f3n y m\u00e1s, acompa\u00f1aron a las autoridades del plantel a ser part\u00edcipes de lo que ser\u00eda, un momento de valor como recordatorio de las ense\u00f1anzas y [&hellip;]\" \/>\n<meta property=\"og:url\" content=\"https:\/\/lamoderna.edu.ec\/en\/aniversario-39-centro-educativo-la-moderna\/\" \/>\n<meta property=\"og:site_name\" content=\"La Moderna\" \/>\n<meta property=\"article:publisher\" content=\"https:\/\/www.facebook.com\/lamodernaEC\/\" \/>\n<meta property=\"article:published_time\" content=\"2022-06-03T15:43:55+00:00\" \/>\n<meta property=\"og:image\" content=\"https:\/\/lamoderna.edu.ec\/wp-content\/uploads\/2022\/06\/285345736_5122094507871401_5434636223445280659_n.jpg\" \/>\n\t<meta property=\"og:image:width\" content=\"1467\" \/>\n\t<meta property=\"og:image:height\" content=\"1467\" \/>\n\t<meta property=\"og:image:type\" content=\"image\/jpeg\" \/>\n<meta name=\"author\" content=\"elyxir\" \/>\n<meta name=\"twitter:card\" content=\"summary_large_image\" \/>\n<meta name=\"twitter:label1\" content=\"Written by\" \/>\n\t<meta name=\"twitter:data1\" content=\"elyxir\" \/>\n\t<meta name=\"twitter:label2\" content=\"Est. reading time\" \/>\n\t<meta name=\"twitter:data2\" content=\"1 minute\" \/>\n<script type=\"application\/ld+json\" class=\"yoast-schema-graph\">{\"@context\":\"https:\\\/\\\/schema.org\",\"@graph\":[{\"@type\":\"Article\",\"@id\":\"https:\\\/\\\/lamoderna.edu.ec\\\/aniversario-39-centro-educativo-la-moderna\\\/#article\",\"isPartOf\":{\"@id\":\"https:\\\/\\\/lamoderna.edu.ec\\\/aniversario-39-centro-educativo-la-moderna\\\/\"},\"author\":{\"name\":\"elyxir\",\"@id\":\"https:\\\/\\\/lamoderna.edu.ec\\\/#\\\/schema\\\/person\\\/dcb037ac2daad37eb1ef9bf87414fcda\"},\"headline\":\"ANIVERSARIO 39 CENTRO EDUCATIVO LA MODERNA\",\"datePublished\":\"2022-06-03T15:43:55+00:00\",\"mainEntityOfPage\":{\"@id\":\"https:\\\/\\\/lamoderna.edu.ec\\\/aniversario-39-centro-educativo-la-moderna\\\/\"},\"wordCount\":204,\"commentCount\":0,\"publisher\":{\"@id\":\"https:\\\/\\\/lamoderna.edu.ec\\\/#organization\"},\"image\":{\"@id\":\"https:\\\/\\\/lamoderna.edu.ec\\\/aniversario-39-centro-educativo-la-moderna\\\/#primaryimage\"},\"thumbnailUrl\":\"https:\\\/\\\/lamoderna.edu.ec\\\/wp-content\\\/uploads\\\/2022\\\/06\\\/285345736_5122094507871401_5434636223445280659_n.jpg\",\"articleSection\":[\"Sin categor\u00eda\"],\"inLanguage\":\"en-US\",\"potentialAction\":[{\"@type\":\"CommentAction\",\"name\":\"Comment\",\"target\":[\"https:\\\/\\\/lamoderna.edu.ec\\\/aniversario-39-centro-educativo-la-moderna\\\/#respond\"]}]},{\"@type\":\"WebPage\",\"@id\":\"https:\\\/\\\/lamoderna.edu.ec\\\/aniversario-39-centro-educativo-la-moderna\\\/\",\"url\":\"https:\\\/\\\/lamoderna.edu.ec\\\/aniversario-39-centro-educativo-la-moderna\\\/\",\"name\":\"ANIVERSARIO 39 CENTRO EDUCATIVO LA MODERNA - La Moderna\",\"isPartOf\":{\"@id\":\"https:\\\/\\\/lamoderna.edu.ec\\\/#website\"},\"primaryImageOfPage\":{\"@id\":\"https:\\\/\\\/lamoderna.edu.ec\\\/aniversario-39-centro-educativo-la-moderna\\\/#primaryimage\"},\"image\":{\"@id\":\"https:\\\/\\\/lamoderna.edu.ec\\\/aniversario-39-centro-educativo-la-moderna\\\/#primaryimage\"},\"thumbnailUrl\":\"https:\\\/\\\/lamoderna.edu.ec\\\/wp-content\\\/uploads\\\/2022\\\/06\\\/285345736_5122094507871401_5434636223445280659_n.jpg\",\"datePublished\":\"2022-06-03T15:43:55+00:00\",\"breadcrumb\":{\"@id\":\"https:\\\/\\\/lamoderna.edu.ec\\\/aniversario-39-centro-educativo-la-moderna\\\/#breadcrumb\"},\"inLanguage\":\"en-US\",\"potentialAction\":[{\"@type\":\"ReadAction\",\"target\":[\"https:\\\/\\\/lamoderna.edu.ec\\\/aniversario-39-centro-educativo-la-moderna\\\/\"]}]},{\"@type\":\"ImageObject\",\"inLanguage\":\"en-US\",\"@id\":\"https:\\\/\\\/lamoderna.edu.ec\\\/aniversario-39-centro-educativo-la-moderna\\\/#primaryimage\",\"url\":\"https:\\\/\\\/lamoderna.edu.ec\\\/wp-content\\\/uploads\\\/2022\\\/06\\\/285345736_5122094507871401_5434636223445280659_n.jpg\",\"contentUrl\":\"https:\\\/\\\/lamoderna.edu.ec\\\/wp-content\\\/uploads\\\/2022\\\/06\\\/285345736_5122094507871401_5434636223445280659_n.jpg\",\"width\":1467,\"height\":1467},{\"@type\":\"BreadcrumbList\",\"@id\":\"https:\\\/\\\/lamoderna.edu.ec\\\/aniversario-39-centro-educativo-la-moderna\\\/#breadcrumb\",\"itemListElement\":[{\"@type\":\"ListItem\",\"position\":1,\"name\":\"Inicio\",\"item\":\"https:\\\/\\\/lamoderna.edu.ec\\\/\"},{\"@type\":\"ListItem\",\"position\":2,\"name\":\"ANIVERSARIO 39 CENTRO EDUCATIVO LA MODERNA\"}]},{\"@type\":\"WebSite\",\"@id\":\"https:\\\/\\\/lamoderna.edu.ec\\\/#website\",\"url\":\"https:\\\/\\\/lamoderna.edu.ec\\\/\",\"name\":\"Colegio La Moderna\",\"description\":\"Unidad Educativa Particular Biling\u00fce\",\"publisher\":{\"@id\":\"https:\\\/\\\/lamoderna.edu.ec\\\/#organization\"},\"alternateName\":\"Colegio LMO\",\"potentialAction\":[{\"@type\":\"SearchAction\",\"target\":{\"@type\":\"EntryPoint\",\"urlTemplate\":\"https:\\\/\\\/lamoderna.edu.ec\\\/?s={search_term_string}\"},\"query-input\":{\"@type\":\"PropertyValueSpecification\",\"valueRequired\":true,\"valueName\":\"search_term_string\"}}],\"inLanguage\":\"en-US\"},{\"@type\":\"Organization\",\"@id\":\"https:\\\/\\\/lamoderna.edu.ec\\\/#organization\",\"name\":\"Colegio La Moderna\",\"alternateName\":\"Colegio LMO\",\"url\":\"https:\\\/\\\/lamoderna.edu.ec\\\/\",\"logo\":{\"@type\":\"ImageObject\",\"inLanguage\":\"en-US\",\"@id\":\"https:\\\/\\\/lamoderna.edu.ec\\\/#\\\/schema\\\/logo\\\/image\\\/\",\"url\":\"https:\\\/\\\/lamoderna.edu.ec\\\/wp-content\\\/uploads\\\/2024\\\/08\\\/icono.png\",\"contentUrl\":\"https:\\\/\\\/lamoderna.edu.ec\\\/wp-content\\\/uploads\\\/2024\\\/08\\\/icono.png\",\"width\":103,\"height\":102,\"caption\":\"Colegio La Moderna\"},\"image\":{\"@id\":\"https:\\\/\\\/lamoderna.edu.ec\\\/#\\\/schema\\\/logo\\\/image\\\/\"},\"sameAs\":[\"https:\\\/\\\/www.facebook.com\\\/lamodernaEC\\\/\",\"https:\\\/\\\/www.instagram.com\\\/lamoderna_ec\\\/#\"]},{\"@type\":\"Person\",\"@id\":\"https:\\\/\\\/lamoderna.edu.ec\\\/#\\\/schema\\\/person\\\/dcb037ac2daad37eb1ef9bf87414fcda\",\"name\":\"elyxir\",\"image\":{\"@type\":\"ImageObject\",\"inLanguage\":\"en-US\",\"@id\":\"https:\\\/\\\/secure.gravatar.com\\\/avatar\\\/76e29e7f71b7ce993618bb4160e20751e0b1fb916573c8111c1bf5a78d422bdb?s=96&d=mm&r=g\",\"url\":\"https:\\\/\\\/secure.gravatar.com\\\/avatar\\\/76e29e7f71b7ce993618bb4160e20751e0b1fb916573c8111c1bf5a78d422bdb?s=96&d=mm&r=g\",\"contentUrl\":\"https:\\\/\\\/secure.gravatar.com\\\/avatar\\\/76e29e7f71b7ce993618bb4160e20751e0b1fb916573c8111c1bf5a78d422bdb?s=96&d=mm&r=g\",\"caption\":\"elyxir\"},\"sameAs\":[\"http:\\\/\\\/elyxirdigital.com.mx\"],\"url\":\"https:\\\/\\\/lamoderna.edu.ec\\\/en\\\/author\\\/elyxir\\\/\"}]}<\/script>\n<!-- \/ Yoast SEO plugin. -->","yoast_head_json":{"title":"ANIVERSARIO 39 CENTRO EDUCATIVO LA MODERNA - La Moderna","robots":{"index":"index","follow":"follow","max-snippet":"max-snippet:-1","max-image-preview":"max-image-preview:large","max-video-preview":"max-video-preview:-1"},"canonical":"https:\/\/lamoderna.edu.ec\/en\/aniversario-39-centro-educativo-la-moderna\/","og_locale":"en_US","og_type":"article","og_title":"ANIVERSARIO 39 CENTRO EDUCATIVO LA MODERNA - La Moderna","og_description":"Se celebr\u00f3 el pasado Martes 31 de mayo el trig\u00e9simo noveno acto en conmemoraci\u00f3n a los a\u00f1os de vida institucional del Centro Educativo. Autoridades Universitarias, Colegiales, Agremiados a la Educaci\u00f3n y m\u00e1s, acompa\u00f1aron a las autoridades del plantel a ser part\u00edcipes de lo que ser\u00eda, un momento de valor como recordatorio de las ense\u00f1anzas y [&hellip;]","og_url":"https:\/\/lamoderna.edu.ec\/en\/aniversario-39-centro-educativo-la-moderna\/","og_site_name":"La Moderna","article_publisher":"https:\/\/www.facebook.com\/lamodernaEC\/","article_published_time":"2022-06-03T15:43:55+00:00","og_image":[{"width":1467,"height":1467,"url":"https:\/\/lamoderna.edu.ec\/wp-content\/uploads\/2022\/06\/285345736_5122094507871401_5434636223445280659_n.jpg","type":"image\/jpeg"}],"author":"elyxir","twitter_card":"summary_large_image","twitter_misc":{"Written by":"elyxir","Est. reading time":"1 minute"},"schema":{"@context":"https:\/\/schema.org","@graph":[{"@type":"Article","@id":"https:\/\/lamoderna.edu.ec\/aniversario-39-centro-educativo-la-moderna\/#article","isPartOf":{"@id":"https:\/\/lamoderna.edu.ec\/aniversario-39-centro-educativo-la-moderna\/"},"author":{"name":"elyxir","@id":"https:\/\/lamoderna.edu.ec\/#\/schema\/person\/dcb037ac2daad37eb1ef9bf87414fcda"},"headline":"ANIVERSARIO 39 CENTRO EDUCATIVO LA MODERNA","datePublished":"2022-06-03T15:43:55+00:00","mainEntityOfPage":{"@id":"https:\/\/lamoderna.edu.ec\/aniversario-39-centro-educativo-la-moderna\/"},"wordCount":204,"commentCount":0,"publisher":{"@id":"https:\/\/lamoderna.edu.ec\/#organization"},"image":{"@id":"https:\/\/lamoderna.edu.ec\/aniversario-39-centro-educativo-la-moderna\/#primaryimage"},"thumbnailUrl":"https:\/\/lamoderna.edu.ec\/wp-content\/uploads\/2022\/06\/285345736_5122094507871401_5434636223445280659_n.jpg","articleSection":["Sin categor\u00eda"],"inLanguage":"en-US","potentialAction":[{"@type":"CommentAction","name":"Comment","target":["https:\/\/lamoderna.edu.ec\/aniversario-39-centro-educativo-la-moderna\/#respond"]}]},{"@type":"WebPage","@id":"https:\/\/lamoderna.edu.ec\/aniversario-39-centro-educativo-la-moderna\/","url":"https:\/\/lamoderna.edu.ec\/aniversario-39-centro-educativo-la-moderna\/","name":"ANIVERSARIO 39 CENTRO EDUCATIVO LA MODERNA - La Moderna","isPartOf":{"@id":"https:\/\/lamoderna.edu.ec\/#website"},"primaryImageOfPage":{"@id":"https:\/\/lamoderna.edu.ec\/aniversario-39-centro-educativo-la-moderna\/#primaryimage"},"image":{"@id":"https:\/\/lamoderna.edu.ec\/aniversario-39-centro-educativo-la-moderna\/#primaryimage"},"thumbnailUrl":"https:\/\/lamoderna.edu.ec\/wp-content\/uploads\/2022\/06\/285345736_5122094507871401_5434636223445280659_n.jpg","datePublished":"2022-06-03T15:43:55+00:00","breadcrumb":{"@id":"https:\/\/lamoderna.edu.ec\/aniversario-39-centro-educativo-la-moderna\/#breadcrumb"},"inLanguage":"en-US","potentialAction":[{"@type":"ReadAction","target":["https:\/\/lamoderna.edu.ec\/aniversario-39-centro-educativo-la-moderna\/"]}]},{"@type":"ImageObject","inLanguage":"en-US","@id":"https:\/\/lamoderna.edu.ec\/aniversario-39-centro-educativo-la-moderna\/#primaryimage","url":"https:\/\/lamoderna.edu.ec\/wp-content\/uploads\/2022\/06\/285345736_5122094507871401_5434636223445280659_n.jpg","contentUrl":"https:\/\/lamoderna.edu.ec\/wp-content\/uploads\/2022\/06\/285345736_5122094507871401_5434636223445280659_n.jpg","width":1467,"height":1467},{"@type":"BreadcrumbList","@id":"https:\/\/lamoderna.edu.ec\/aniversario-39-centro-educativo-la-moderna\/#breadcrumb","itemListElement":[{"@type":"ListItem","position":1,"name":"Inicio","item":"https:\/\/lamoderna.edu.ec\/"},{"@type":"ListItem","position":2,"name":"ANIVERSARIO 39 CENTRO EDUCATIVO LA MODERNA"}]},{"@type":"WebSite","@id":"https:\/\/lamoderna.edu.ec\/#website","url":"https:\/\/lamoderna.edu.ec\/","name":"Colegio La Moderna","description":"Unidad Educativa Particular Biling\u00fce","publisher":{"@id":"https:\/\/lamoderna.edu.ec\/#organization"},"alternateName":"Colegio LMO","potentialAction":[{"@type":"SearchAction","target":{"@type":"EntryPoint","urlTemplate":"https:\/\/lamoderna.edu.ec\/?s={search_term_string}"},"query-input":{"@type":"PropertyValueSpecification","valueRequired":true,"valueName":"search_term_string"}}],"inLanguage":"en-US"},{"@type":"Organization","@id":"https:\/\/lamoderna.edu.ec\/#organization","name":"Colegio La Moderna","alternateName":"Colegio LMO","url":"https:\/\/lamoderna.edu.ec\/","logo":{"@type":"ImageObject","inLanguage":"en-US","@id":"https:\/\/lamoderna.edu.ec\/#\/schema\/logo\/image\/","url":"https:\/\/lamoderna.edu.ec\/wp-content\/uploads\/2024\/08\/icono.png","contentUrl":"https:\/\/lamoderna.edu.ec\/wp-content\/uploads\/2024\/08\/icono.png","width":103,"height":102,"caption":"Colegio La Moderna"},"image":{"@id":"https:\/\/lamoderna.edu.ec\/#\/schema\/logo\/image\/"},"sameAs":["https:\/\/www.facebook.com\/lamodernaEC\/","https:\/\/www.instagram.com\/lamoderna_ec\/#"]},{"@type":"Person","@id":"https:\/\/lamoderna.edu.ec\/#\/schema\/person\/dcb037ac2daad37eb1ef9bf87414fcda","name":"elyxir","image":{"@type":"ImageObject","inLanguage":"en-US","@id":"https:\/\/secure.gravatar.com\/avatar\/76e29e7f71b7ce993618bb4160e20751e0b1fb916573c8111c1bf5a78d422bdb?s=96&d=mm&r=g","url":"https:\/\/secure.gravatar.com\/avatar\/76e29e7f71b7ce993618bb4160e20751e0b1fb916573c8111c1bf5a78d422bdb?s=96&d=mm&r=g","contentUrl":"https:\/\/secure.gravatar.com\/avatar\/76e29e7f71b7ce993618bb4160e20751e0b1fb916573c8111c1bf5a78d422bdb?s=96&d=mm&r=g","caption":"elyxir"},"sameAs":["http:\/\/elyxirdigital.com.mx"],"url":"https:\/\/lamoderna.edu.ec\/en\/author\/elyxir\/"}]}},"_links":{"self":[{"href":"https:\/\/lamoderna.edu.ec\/en\/wp-json\/wp\/v2\/posts\/5898","targetHints":{"allow":["GET"]}}],"collection":[{"href":"https:\/\/lamoderna.edu.ec\/en\/wp-json\/wp\/v2\/posts"}],"about":[{"href":"https:\/\/lamoderna.edu.ec\/en\/wp-json\/wp\/v2\/types\/post"}],"author":[{"embeddable":true,"href":"https:\/\/lamoderna.edu.ec\/en\/wp-json\/wp\/v2\/users\/2"}],"replies":[{"embeddable":true,"href":"https:\/\/lamoderna.edu.ec\/en\/wp-json\/wp\/v2\/comments?post=5898"}],"version-history":[{"count":0,"href":"https:\/\/lamoderna.edu.ec\/en\/wp-json\/wp\/v2\/posts\/5898\/revisions"}],"wp:featuredmedia":[{"embeddable":true,"href":"https:\/\/lamoderna.edu.ec\/en\/wp-json\/wp\/v2\/media\/5899"}],"wp:attachment":[{"href":"https:\/\/lamoderna.edu.ec\/en\/wp-json\/wp\/v2\/media?parent=5898"}],"wp:term":[{"taxonomy":"category","embeddable":true,"href":"https:\/\/lamoderna.edu.ec\/en\/wp-json\/wp\/v2\/categories?post=5898"},{"taxonomy":"post_tag","embeddable":true,"href":"https:\/\/lamoderna.edu.ec\/en\/wp-json\/wp\/v2\/tags?post=5898"}],"curies":[{"name":"wp","href":"https:\/\/api.w.org\/{rel}","templated":true}]}}