{"id":5846,"date":"2022-06-01T19:25:41","date_gmt":"2022-06-01T19:25:41","guid":{"rendered":"https:\/\/lamoderna.edu.ec\/?p=5846"},"modified":"2022-06-01T19:25:41","modified_gmt":"2022-06-01T19:25:41","slug":"excelencias-academicas-2021","status":"publish","type":"post","link":"https:\/\/lamoderna.edu.ec\/en\/excelencias-academicas-2021\/","title":{"rendered":"ACADEMIC EXCELLENCE 2021"},"content":{"rendered":"<p>As part of the annual celebration that La Moderna Educational Center carries out in recognition of students who have obtained an outstanding average in the last period, this year students from 4th grade to 2nd Baccalaureate who obtained a final average of 9.90 to 10 for the 2021-2022 school year were recognized. <\/p>\n\n\n\n<figure class=\"wp-block-gallery has-nested-images columns-default is-cropped wp-block-gallery-1 is-layout-flex wp-block-gallery-is-layout-flex\">\n<figure class=\"wp-block-image size-large\"><img fetchpriority=\"high\" decoding=\"async\" width=\"1024\" height=\"1024\" data-id=\"5873\" src=\"https:\/\/lamoderna.edu.ec\/wp-content\/uploads\/2022\/06\/284471234_5118590878221764_8874490692995086212_n-1024x1024.jpg\" alt=\"\" class=\"wp-image-5873\" srcset=\"https:\/\/lamoderna.edu.ec\/wp-content\/uploads\/2022\/06\/284471234_5118590878221764_8874490692995086212_n-1024x1024.jpg 1024w, https:\/\/lamoderna.edu.ec\/wp-content\/uploads\/2022\/06\/284471234_5118590878221764_8874490692995086212_n-300x300.jpg 300w, https:\/\/lamoderna.edu.ec\/wp-content\/uploads\/2022\/06\/284471234_5118590878221764_8874490692995086212_n-150x150.jpg 150w, https:\/\/lamoderna.edu.ec\/wp-content\/uploads\/2022\/06\/284471234_5118590878221764_8874490692995086212_n-768x768.jpg 768w, https:\/\/lamoderna.edu.ec\/wp-content\/uploads\/2022\/06\/284471234_5118590878221764_8874490692995086212_n.jpg 1100w\" sizes=\"(max-width: 1024px) 100vw, 1024px\" \/><\/figure>\n\n\n\n<figure class=\"wp-block-image size-large\"><img decoding=\"async\" width=\"1024\" height=\"1024\" data-id=\"5872\" src=\"https:\/\/lamoderna.edu.ec\/wp-content\/uploads\/2022\/06\/284119168_5118590821555103_3090013793766257233_n-1024x1024.jpg\" alt=\"\" class=\"wp-image-5872\" srcset=\"https:\/\/lamoderna.edu.ec\/wp-content\/uploads\/2022\/06\/284119168_5118590821555103_3090013793766257233_n-1024x1024.jpg 1024w, https:\/\/lamoderna.edu.ec\/wp-content\/uploads\/2022\/06\/284119168_5118590821555103_3090013793766257233_n-300x300.jpg 300w, https:\/\/lamoderna.edu.ec\/wp-content\/uploads\/2022\/06\/284119168_5118590821555103_3090013793766257233_n-150x150.jpg 150w, https:\/\/lamoderna.edu.ec\/wp-content\/uploads\/2022\/06\/284119168_5118590821555103_3090013793766257233_n-768x768.jpg 768w, https:\/\/lamoderna.edu.ec\/wp-content\/uploads\/2022\/06\/284119168_5118590821555103_3090013793766257233_n.jpg 1100w\" sizes=\"(max-width: 1024px) 100vw, 1024px\" \/><\/figure>\n\n\n\n<figure class=\"wp-block-image size-large\"><img decoding=\"async\" width=\"1024\" height=\"1024\" data-id=\"5874\" src=\"https:\/\/lamoderna.edu.ec\/wp-content\/uploads\/2022\/06\/284497292_5118590691555116_7423385697397626056_n-1024x1024.jpg\" alt=\"\" class=\"wp-image-5874\" srcset=\"https:\/\/lamoderna.edu.ec\/wp-content\/uploads\/2022\/06\/284497292_5118590691555116_7423385697397626056_n-1024x1024.jpg 1024w, https:\/\/lamoderna.edu.ec\/wp-content\/uploads\/2022\/06\/284497292_5118590691555116_7423385697397626056_n-300x300.jpg 300w, https:\/\/lamoderna.edu.ec\/wp-content\/uploads\/2022\/06\/284497292_5118590691555116_7423385697397626056_n-150x150.jpg 150w, https:\/\/lamoderna.edu.ec\/wp-content\/uploads\/2022\/06\/284497292_5118590691555116_7423385697397626056_n-768x768.jpg 768w, https:\/\/lamoderna.edu.ec\/wp-content\/uploads\/2022\/06\/284497292_5118590691555116_7423385697397626056_n.jpg 1100w\" sizes=\"(max-width: 1024px) 100vw, 1024px\" \/><\/figure>\n<\/figure>\n\n\n\n<p>Parents, authorities, teachers and other persons present, accompanied the students in a solemn act as part of the celebration of the Anniversary of the Educational Center. They were also happy, proud and very pleased with the international education provided at the school.<\/p>\n\n\n\n<figure class=\"wp-block-gallery has-nested-images columns-default is-cropped wp-block-gallery-2 is-layout-flex wp-block-gallery-is-layout-flex\">\n<figure class=\"wp-block-image size-large\"><img loading=\"lazy\" decoding=\"async\" width=\"1024\" height=\"1024\" data-id=\"5880\" src=\"https:\/\/lamoderna.edu.ec\/wp-content\/uploads\/2022\/06\/285634078_5122114364536082_7281731396436556984_n-1024x1024.jpg\" alt=\"\" class=\"wp-image-5880\" srcset=\"https:\/\/lamoderna.edu.ec\/wp-content\/uploads\/2022\/06\/285634078_5122114364536082_7281731396436556984_n-1024x1024.jpg 1024w, https:\/\/lamoderna.edu.ec\/wp-content\/uploads\/2022\/06\/285634078_5122114364536082_7281731396436556984_n-300x300.jpg 300w, https:\/\/lamoderna.edu.ec\/wp-content\/uploads\/2022\/06\/285634078_5122114364536082_7281731396436556984_n-150x150.jpg 150w, https:\/\/lamoderna.edu.ec\/wp-content\/uploads\/2022\/06\/285634078_5122114364536082_7281731396436556984_n-768x768.jpg 768w, https:\/\/lamoderna.edu.ec\/wp-content\/uploads\/2022\/06\/285634078_5122114364536082_7281731396436556984_n.jpg 1467w\" sizes=\"(max-width: 1024px) 100vw, 1024px\" \/><\/figure>\n\n\n\n<figure class=\"wp-block-image size-large\"><img loading=\"lazy\" decoding=\"async\" width=\"1024\" height=\"1024\" data-id=\"5881\" src=\"https:\/\/lamoderna.edu.ec\/wp-content\/uploads\/2022\/06\/285638688_5122111134536405_1210500696773414351_n-1024x1024.jpg\" alt=\"\" class=\"wp-image-5881\" srcset=\"https:\/\/lamoderna.edu.ec\/wp-content\/uploads\/2022\/06\/285638688_5122111134536405_1210500696773414351_n-1024x1024.jpg 1024w, https:\/\/lamoderna.edu.ec\/wp-content\/uploads\/2022\/06\/285638688_5122111134536405_1210500696773414351_n-300x300.jpg 300w, https:\/\/lamoderna.edu.ec\/wp-content\/uploads\/2022\/06\/285638688_5122111134536405_1210500696773414351_n-150x150.jpg 150w, https:\/\/lamoderna.edu.ec\/wp-content\/uploads\/2022\/06\/285638688_5122111134536405_1210500696773414351_n-768x768.jpg 768w, https:\/\/lamoderna.edu.ec\/wp-content\/uploads\/2022\/06\/285638688_5122111134536405_1210500696773414351_n.jpg 1467w\" sizes=\"(max-width: 1024px) 100vw, 1024px\" \/><\/figure>\n<\/figure>\n\n\n\n<figure class=\"wp-block-image size-large\"><img loading=\"lazy\" decoding=\"async\" width=\"1024\" height=\"1024\" src=\"https:\/\/lamoderna.edu.ec\/wp-content\/uploads\/2022\/06\/283998017_5118590848221767_6789986855865685425_n-1024x1024.jpg\" alt=\"\" class=\"wp-image-5871\" srcset=\"https:\/\/lamoderna.edu.ec\/wp-content\/uploads\/2022\/06\/283998017_5118590848221767_6789986855865685425_n-1024x1024.jpg 1024w, https:\/\/lamoderna.edu.ec\/wp-content\/uploads\/2022\/06\/283998017_5118590848221767_6789986855865685425_n-300x300.jpg 300w, https:\/\/lamoderna.edu.ec\/wp-content\/uploads\/2022\/06\/283998017_5118590848221767_6789986855865685425_n-150x150.jpg 150w, https:\/\/lamoderna.edu.ec\/wp-content\/uploads\/2022\/06\/283998017_5118590848221767_6789986855865685425_n-768x768.jpg 768w, https:\/\/lamoderna.edu.ec\/wp-content\/uploads\/2022\/06\/283998017_5118590848221767_6789986855865685425_n.jpg 1100w\" sizes=\"(max-width: 1024px) 100vw, 1024px\" \/><figcaption>The school's musical band gave some harmonic interpretations that enhanced such an emotional event. <\/figcaption><\/figure>\n\n\n\n<p><\/p>","protected":false},"excerpt":{"rendered":"<p>Como parte de la celebraci\u00f3n anual que el Centro Educativo La Moderna realiza en reconocimiento a los estudiantes que han obtenido un promedio sobresaliente en el \u00faltimo periodo, este a\u00f1o se reconoci\u00f3 a estudiantes entre 4to de b\u00e1sica a II de Bachillerato quienes obtuvieron un promedio final de 9.90 a 10 correspondiente al periodo lectivo [&hellip;]<\/p>\n","protected":false},"author":2,"featured_media":5876,"comment_status":"open","ping_status":"open","sticky":false,"template":"","format":"standard","meta":{"footnotes":""},"categories":[104],"tags":[],"class_list":["post-5846","post","type-post","status-publish","format-standard","has-post-thumbnail","hentry","category-sin-categoria"],"yoast_head":"<!-- This site is optimized with the Yoast SEO plugin v27.5 - https:\/\/yoast.com\/product\/yoast-seo-wordpress\/ -->\n<title>EXCELENCIAS ACAD\u00c9MICAS 2021 - La Moderna<\/title>\n<meta name=\"robots\" content=\"index, follow, max-snippet:-1, max-image-preview:large, max-video-preview:-1\" \/>\n<link rel=\"canonical\" href=\"https:\/\/lamoderna.edu.ec\/en\/excelencias-academicas-2021\/\" \/>\n<meta property=\"og:locale\" content=\"en_US\" \/>\n<meta property=\"og:type\" content=\"article\" \/>\n<meta property=\"og:title\" content=\"EXCELENCIAS ACAD\u00c9MICAS 2021 - La Moderna\" \/>\n<meta property=\"og:description\" content=\"Como parte de la celebraci\u00f3n anual que el Centro Educativo La Moderna realiza en reconocimiento a los estudiantes que han obtenido un promedio sobresaliente en el \u00faltimo periodo, este a\u00f1o se reconoci\u00f3 a estudiantes entre 4to de b\u00e1sica a II de Bachillerato quienes obtuvieron un promedio final de 9.90 a 10 correspondiente al periodo lectivo [&hellip;]\" \/>\n<meta property=\"og:url\" content=\"https:\/\/lamoderna.edu.ec\/en\/excelencias-academicas-2021\/\" \/>\n<meta property=\"og:site_name\" content=\"La Moderna\" \/>\n<meta property=\"article:publisher\" content=\"https:\/\/www.facebook.com\/lamodernaEC\/\" \/>\n<meta property=\"article:published_time\" content=\"2022-06-01T19:25:41+00:00\" \/>\n<meta property=\"og:image\" content=\"https:\/\/lamoderna.edu.ec\/wp-content\/uploads\/2022\/06\/285099630_5118589904888528_2350652660006494822_n-1-e1654266222615.jpg\" \/>\n\t<meta property=\"og:image:width\" content=\"1086\" \/>\n\t<meta property=\"og:image:height\" content=\"882\" \/>\n\t<meta property=\"og:image:type\" content=\"image\/jpeg\" \/>\n<meta name=\"author\" content=\"elyxir\" \/>\n<meta name=\"twitter:card\" content=\"summary_large_image\" \/>\n<meta name=\"twitter:label1\" content=\"Written by\" \/>\n\t<meta name=\"twitter:data1\" content=\"elyxir\" \/>\n\t<meta name=\"twitter:label2\" content=\"Est. reading time\" \/>\n\t<meta name=\"twitter:data2\" content=\"1 minute\" \/>\n<script type=\"application\/ld+json\" class=\"yoast-schema-graph\">{\"@context\":\"https:\\\/\\\/schema.org\",\"@graph\":[{\"@type\":\"Article\",\"@id\":\"https:\\\/\\\/lamoderna.edu.ec\\\/excelencias-academicas-2021\\\/#article\",\"isPartOf\":{\"@id\":\"https:\\\/\\\/lamoderna.edu.ec\\\/excelencias-academicas-2021\\\/\"},\"author\":{\"name\":\"elyxir\",\"@id\":\"https:\\\/\\\/lamoderna.edu.ec\\\/#\\\/schema\\\/person\\\/dcb037ac2daad37eb1ef9bf87414fcda\"},\"headline\":\"EXCELENCIAS ACAD\u00c9MICAS 2021\",\"datePublished\":\"2022-06-01T19:25:41+00:00\",\"mainEntityOfPage\":{\"@id\":\"https:\\\/\\\/lamoderna.edu.ec\\\/excelencias-academicas-2021\\\/\"},\"wordCount\":122,\"commentCount\":0,\"publisher\":{\"@id\":\"https:\\\/\\\/lamoderna.edu.ec\\\/#organization\"},\"image\":{\"@id\":\"https:\\\/\\\/lamoderna.edu.ec\\\/excelencias-academicas-2021\\\/#primaryimage\"},\"thumbnailUrl\":\"https:\\\/\\\/lamoderna.edu.ec\\\/wp-content\\\/uploads\\\/2022\\\/06\\\/285099630_5118589904888528_2350652660006494822_n-1-e1654266222615.jpg\",\"articleSection\":[\"Sin categor\u00eda\"],\"inLanguage\":\"en-US\",\"potentialAction\":[{\"@type\":\"CommentAction\",\"name\":\"Comment\",\"target\":[\"https:\\\/\\\/lamoderna.edu.ec\\\/excelencias-academicas-2021\\\/#respond\"]}]},{\"@type\":\"WebPage\",\"@id\":\"https:\\\/\\\/lamoderna.edu.ec\\\/excelencias-academicas-2021\\\/\",\"url\":\"https:\\\/\\\/lamoderna.edu.ec\\\/excelencias-academicas-2021\\\/\",\"name\":\"EXCELENCIAS ACAD\u00c9MICAS 2021 - La Moderna\",\"isPartOf\":{\"@id\":\"https:\\\/\\\/lamoderna.edu.ec\\\/#website\"},\"primaryImageOfPage\":{\"@id\":\"https:\\\/\\\/lamoderna.edu.ec\\\/excelencias-academicas-2021\\\/#primaryimage\"},\"image\":{\"@id\":\"https:\\\/\\\/lamoderna.edu.ec\\\/excelencias-academicas-2021\\\/#primaryimage\"},\"thumbnailUrl\":\"https:\\\/\\\/lamoderna.edu.ec\\\/wp-content\\\/uploads\\\/2022\\\/06\\\/285099630_5118589904888528_2350652660006494822_n-1-e1654266222615.jpg\",\"datePublished\":\"2022-06-01T19:25:41+00:00\",\"breadcrumb\":{\"@id\":\"https:\\\/\\\/lamoderna.edu.ec\\\/excelencias-academicas-2021\\\/#breadcrumb\"},\"inLanguage\":\"en-US\",\"potentialAction\":[{\"@type\":\"ReadAction\",\"target\":[\"https:\\\/\\\/lamoderna.edu.ec\\\/excelencias-academicas-2021\\\/\"]}]},{\"@type\":\"ImageObject\",\"inLanguage\":\"en-US\",\"@id\":\"https:\\\/\\\/lamoderna.edu.ec\\\/excelencias-academicas-2021\\\/#primaryimage\",\"url\":\"https:\\\/\\\/lamoderna.edu.ec\\\/wp-content\\\/uploads\\\/2022\\\/06\\\/285099630_5118589904888528_2350652660006494822_n-1-e1654266222615.jpg\",\"contentUrl\":\"https:\\\/\\\/lamoderna.edu.ec\\\/wp-content\\\/uploads\\\/2022\\\/06\\\/285099630_5118589904888528_2350652660006494822_n-1-e1654266222615.jpg\",\"width\":1086,\"height\":882},{\"@type\":\"BreadcrumbList\",\"@id\":\"https:\\\/\\\/lamoderna.edu.ec\\\/excelencias-academicas-2021\\\/#breadcrumb\",\"itemListElement\":[{\"@type\":\"ListItem\",\"position\":1,\"name\":\"Inicio\",\"item\":\"https:\\\/\\\/lamoderna.edu.ec\\\/\"},{\"@type\":\"ListItem\",\"position\":2,\"name\":\"EXCELENCIAS ACAD\u00c9MICAS 2021\"}]},{\"@type\":\"WebSite\",\"@id\":\"https:\\\/\\\/lamoderna.edu.ec\\\/#website\",\"url\":\"https:\\\/\\\/lamoderna.edu.ec\\\/\",\"name\":\"Colegio La Moderna\",\"description\":\"Unidad Educativa Particular Biling\u00fce\",\"publisher\":{\"@id\":\"https:\\\/\\\/lamoderna.edu.ec\\\/#organization\"},\"alternateName\":\"Colegio LMO\",\"potentialAction\":[{\"@type\":\"SearchAction\",\"target\":{\"@type\":\"EntryPoint\",\"urlTemplate\":\"https:\\\/\\\/lamoderna.edu.ec\\\/?s={search_term_string}\"},\"query-input\":{\"@type\":\"PropertyValueSpecification\",\"valueRequired\":true,\"valueName\":\"search_term_string\"}}],\"inLanguage\":\"en-US\"},{\"@type\":\"Organization\",\"@id\":\"https:\\\/\\\/lamoderna.edu.ec\\\/#organization\",\"name\":\"Colegio La Moderna\",\"alternateName\":\"Colegio LMO\",\"url\":\"https:\\\/\\\/lamoderna.edu.ec\\\/\",\"logo\":{\"@type\":\"ImageObject\",\"inLanguage\":\"en-US\",\"@id\":\"https:\\\/\\\/lamoderna.edu.ec\\\/#\\\/schema\\\/logo\\\/image\\\/\",\"url\":\"https:\\\/\\\/lamoderna.edu.ec\\\/wp-content\\\/uploads\\\/2024\\\/08\\\/icono.png\",\"contentUrl\":\"https:\\\/\\\/lamoderna.edu.ec\\\/wp-content\\\/uploads\\\/2024\\\/08\\\/icono.png\",\"width\":103,\"height\":102,\"caption\":\"Colegio La Moderna\"},\"image\":{\"@id\":\"https:\\\/\\\/lamoderna.edu.ec\\\/#\\\/schema\\\/logo\\\/image\\\/\"},\"sameAs\":[\"https:\\\/\\\/www.facebook.com\\\/lamodernaEC\\\/\",\"https:\\\/\\\/www.instagram.com\\\/lamoderna_ec\\\/#\"]},{\"@type\":\"Person\",\"@id\":\"https:\\\/\\\/lamoderna.edu.ec\\\/#\\\/schema\\\/person\\\/dcb037ac2daad37eb1ef9bf87414fcda\",\"name\":\"elyxir\",\"image\":{\"@type\":\"ImageObject\",\"inLanguage\":\"en-US\",\"@id\":\"https:\\\/\\\/secure.gravatar.com\\\/avatar\\\/76e29e7f71b7ce993618bb4160e20751e0b1fb916573c8111c1bf5a78d422bdb?s=96&d=mm&r=g\",\"url\":\"https:\\\/\\\/secure.gravatar.com\\\/avatar\\\/76e29e7f71b7ce993618bb4160e20751e0b1fb916573c8111c1bf5a78d422bdb?s=96&d=mm&r=g\",\"contentUrl\":\"https:\\\/\\\/secure.gravatar.com\\\/avatar\\\/76e29e7f71b7ce993618bb4160e20751e0b1fb916573c8111c1bf5a78d422bdb?s=96&d=mm&r=g\",\"caption\":\"elyxir\"},\"sameAs\":[\"http:\\\/\\\/elyxirdigital.com.mx\"],\"url\":\"https:\\\/\\\/lamoderna.edu.ec\\\/en\\\/author\\\/elyxir\\\/\"}]}<\/script>\n<!-- \/ Yoast SEO plugin. -->","yoast_head_json":{"title":"EXCELENCIAS ACAD\u00c9MICAS 2021 - La Moderna","robots":{"index":"index","follow":"follow","max-snippet":"max-snippet:-1","max-image-preview":"max-image-preview:large","max-video-preview":"max-video-preview:-1"},"canonical":"https:\/\/lamoderna.edu.ec\/en\/excelencias-academicas-2021\/","og_locale":"en_US","og_type":"article","og_title":"EXCELENCIAS ACAD\u00c9MICAS 2021 - La Moderna","og_description":"Como parte de la celebraci\u00f3n anual que el Centro Educativo La Moderna realiza en reconocimiento a los estudiantes que han obtenido un promedio sobresaliente en el \u00faltimo periodo, este a\u00f1o se reconoci\u00f3 a estudiantes entre 4to de b\u00e1sica a II de Bachillerato quienes obtuvieron un promedio final de 9.90 a 10 correspondiente al periodo lectivo [&hellip;]","og_url":"https:\/\/lamoderna.edu.ec\/en\/excelencias-academicas-2021\/","og_site_name":"La Moderna","article_publisher":"https:\/\/www.facebook.com\/lamodernaEC\/","article_published_time":"2022-06-01T19:25:41+00:00","og_image":[{"width":1086,"height":882,"url":"https:\/\/lamoderna.edu.ec\/wp-content\/uploads\/2022\/06\/285099630_5118589904888528_2350652660006494822_n-1-e1654266222615.jpg","type":"image\/jpeg"}],"author":"elyxir","twitter_card":"summary_large_image","twitter_misc":{"Written by":"elyxir","Est. reading time":"1 minute"},"schema":{"@context":"https:\/\/schema.org","@graph":[{"@type":"Article","@id":"https:\/\/lamoderna.edu.ec\/excelencias-academicas-2021\/#article","isPartOf":{"@id":"https:\/\/lamoderna.edu.ec\/excelencias-academicas-2021\/"},"author":{"name":"elyxir","@id":"https:\/\/lamoderna.edu.ec\/#\/schema\/person\/dcb037ac2daad37eb1ef9bf87414fcda"},"headline":"EXCELENCIAS ACAD\u00c9MICAS 2021","datePublished":"2022-06-01T19:25:41+00:00","mainEntityOfPage":{"@id":"https:\/\/lamoderna.edu.ec\/excelencias-academicas-2021\/"},"wordCount":122,"commentCount":0,"publisher":{"@id":"https:\/\/lamoderna.edu.ec\/#organization"},"image":{"@id":"https:\/\/lamoderna.edu.ec\/excelencias-academicas-2021\/#primaryimage"},"thumbnailUrl":"https:\/\/lamoderna.edu.ec\/wp-content\/uploads\/2022\/06\/285099630_5118589904888528_2350652660006494822_n-1-e1654266222615.jpg","articleSection":["Sin categor\u00eda"],"inLanguage":"en-US","potentialAction":[{"@type":"CommentAction","name":"Comment","target":["https:\/\/lamoderna.edu.ec\/excelencias-academicas-2021\/#respond"]}]},{"@type":"WebPage","@id":"https:\/\/lamoderna.edu.ec\/excelencias-academicas-2021\/","url":"https:\/\/lamoderna.edu.ec\/excelencias-academicas-2021\/","name":"EXCELENCIAS ACAD\u00c9MICAS 2021 - La Moderna","isPartOf":{"@id":"https:\/\/lamoderna.edu.ec\/#website"},"primaryImageOfPage":{"@id":"https:\/\/lamoderna.edu.ec\/excelencias-academicas-2021\/#primaryimage"},"image":{"@id":"https:\/\/lamoderna.edu.ec\/excelencias-academicas-2021\/#primaryimage"},"thumbnailUrl":"https:\/\/lamoderna.edu.ec\/wp-content\/uploads\/2022\/06\/285099630_5118589904888528_2350652660006494822_n-1-e1654266222615.jpg","datePublished":"2022-06-01T19:25:41+00:00","breadcrumb":{"@id":"https:\/\/lamoderna.edu.ec\/excelencias-academicas-2021\/#breadcrumb"},"inLanguage":"en-US","potentialAction":[{"@type":"ReadAction","target":["https:\/\/lamoderna.edu.ec\/excelencias-academicas-2021\/"]}]},{"@type":"ImageObject","inLanguage":"en-US","@id":"https:\/\/lamoderna.edu.ec\/excelencias-academicas-2021\/#primaryimage","url":"https:\/\/lamoderna.edu.ec\/wp-content\/uploads\/2022\/06\/285099630_5118589904888528_2350652660006494822_n-1-e1654266222615.jpg","contentUrl":"https:\/\/lamoderna.edu.ec\/wp-content\/uploads\/2022\/06\/285099630_5118589904888528_2350652660006494822_n-1-e1654266222615.jpg","width":1086,"height":882},{"@type":"BreadcrumbList","@id":"https:\/\/lamoderna.edu.ec\/excelencias-academicas-2021\/#breadcrumb","itemListElement":[{"@type":"ListItem","position":1,"name":"Inicio","item":"https:\/\/lamoderna.edu.ec\/"},{"@type":"ListItem","position":2,"name":"EXCELENCIAS ACAD\u00c9MICAS 2021"}]},{"@type":"WebSite","@id":"https:\/\/lamoderna.edu.ec\/#website","url":"https:\/\/lamoderna.edu.ec\/","name":"Colegio La Moderna","description":"Unidad Educativa Particular Biling\u00fce","publisher":{"@id":"https:\/\/lamoderna.edu.ec\/#organization"},"alternateName":"Colegio LMO","potentialAction":[{"@type":"SearchAction","target":{"@type":"EntryPoint","urlTemplate":"https:\/\/lamoderna.edu.ec\/?s={search_term_string}"},"query-input":{"@type":"PropertyValueSpecification","valueRequired":true,"valueName":"search_term_string"}}],"inLanguage":"en-US"},{"@type":"Organization","@id":"https:\/\/lamoderna.edu.ec\/#organization","name":"Colegio La Moderna","alternateName":"Colegio LMO","url":"https:\/\/lamoderna.edu.ec\/","logo":{"@type":"ImageObject","inLanguage":"en-US","@id":"https:\/\/lamoderna.edu.ec\/#\/schema\/logo\/image\/","url":"https:\/\/lamoderna.edu.ec\/wp-content\/uploads\/2024\/08\/icono.png","contentUrl":"https:\/\/lamoderna.edu.ec\/wp-content\/uploads\/2024\/08\/icono.png","width":103,"height":102,"caption":"Colegio La Moderna"},"image":{"@id":"https:\/\/lamoderna.edu.ec\/#\/schema\/logo\/image\/"},"sameAs":["https:\/\/www.facebook.com\/lamodernaEC\/","https:\/\/www.instagram.com\/lamoderna_ec\/#"]},{"@type":"Person","@id":"https:\/\/lamoderna.edu.ec\/#\/schema\/person\/dcb037ac2daad37eb1ef9bf87414fcda","name":"elyxir","image":{"@type":"ImageObject","inLanguage":"en-US","@id":"https:\/\/secure.gravatar.com\/avatar\/76e29e7f71b7ce993618bb4160e20751e0b1fb916573c8111c1bf5a78d422bdb?s=96&d=mm&r=g","url":"https:\/\/secure.gravatar.com\/avatar\/76e29e7f71b7ce993618bb4160e20751e0b1fb916573c8111c1bf5a78d422bdb?s=96&d=mm&r=g","contentUrl":"https:\/\/secure.gravatar.com\/avatar\/76e29e7f71b7ce993618bb4160e20751e0b1fb916573c8111c1bf5a78d422bdb?s=96&d=mm&r=g","caption":"elyxir"},"sameAs":["http:\/\/elyxirdigital.com.mx"],"url":"https:\/\/lamoderna.edu.ec\/en\/author\/elyxir\/"}]}},"_links":{"self":[{"href":"https:\/\/lamoderna.edu.ec\/en\/wp-json\/wp\/v2\/posts\/5846","targetHints":{"allow":["GET"]}}],"collection":[{"href":"https:\/\/lamoderna.edu.ec\/en\/wp-json\/wp\/v2\/posts"}],"about":[{"href":"https:\/\/lamoderna.edu.ec\/en\/wp-json\/wp\/v2\/types\/post"}],"author":[{"embeddable":true,"href":"https:\/\/lamoderna.edu.ec\/en\/wp-json\/wp\/v2\/users\/2"}],"replies":[{"embeddable":true,"href":"https:\/\/lamoderna.edu.ec\/en\/wp-json\/wp\/v2\/comments?post=5846"}],"version-history":[{"count":0,"href":"https:\/\/lamoderna.edu.ec\/en\/wp-json\/wp\/v2\/posts\/5846\/revisions"}],"wp:featuredmedia":[{"embeddable":true,"href":"https:\/\/lamoderna.edu.ec\/en\/wp-json\/wp\/v2\/media\/5876"}],"wp:attachment":[{"href":"https:\/\/lamoderna.edu.ec\/en\/wp-json\/wp\/v2\/media?parent=5846"}],"wp:term":[{"taxonomy":"category","embeddable":true,"href":"https:\/\/lamoderna.edu.ec\/en\/wp-json\/wp\/v2\/categories?post=5846"},{"taxonomy":"post_tag","embeddable":true,"href":"https:\/\/lamoderna.edu.ec\/en\/wp-json\/wp\/v2\/tags?post=5846"}],"curies":[{"name":"wp","href":"https:\/\/api.w.org\/{rel}","templated":true}]}}