{"id":5722,"date":"2022-05-10T17:35:23","date_gmt":"2022-05-10T17:35:23","guid":{"rendered":"https:\/\/lamoderna.edu.ec\/?p=5722"},"modified":"2022-05-10T17:35:23","modified_gmt":"2022-05-10T17:35:23","slug":"zanqueros-y-bailes-acompanaron-el-retorno-presencial-de-moderna-junior","status":"publish","type":"post","link":"https:\/\/lamoderna.edu.ec\/en\/zanqueros-y-bailes-acompanaron-el-retorno-presencial-de-moderna-junior\/","title":{"rendered":"STILT WALKERS AND DANCES ACCOMPANIED THE MODERNA JUNIOR\u2019S RETURN TO FACE-TO-FACE LEARNING"},"content":{"rendered":"<figure class=\"wp-block-gallery has-nested-images columns-default is-cropped wp-block-gallery-1 is-layout-flex wp-block-gallery-is-layout-flex\">\n<figure class=\"wp-block-image size-large\"><img fetchpriority=\"high\" decoding=\"async\" width=\"1024\" height=\"1024\" data-id=\"5766\" src=\"https:\/\/lamoderna.edu.ec\/wp-content\/uploads\/2022\/05\/primaria3-1-3-1-1024x1024.jpg\" alt=\"\" class=\"wp-image-5766\" srcset=\"https:\/\/lamoderna.edu.ec\/wp-content\/uploads\/2022\/05\/primaria3-1-3-1-1024x1024.jpg 1024w, https:\/\/lamoderna.edu.ec\/wp-content\/uploads\/2022\/05\/primaria3-1-3-1-300x300.jpg 300w, https:\/\/lamoderna.edu.ec\/wp-content\/uploads\/2022\/05\/primaria3-1-3-1-150x150.jpg 150w, https:\/\/lamoderna.edu.ec\/wp-content\/uploads\/2022\/05\/primaria3-1-3-1-768x768.jpg 768w, https:\/\/lamoderna.edu.ec\/wp-content\/uploads\/2022\/05\/primaria3-1-3-1.jpg 1100w\" sizes=\"(max-width: 1024px) 100vw, 1024px\" \/><\/figure>\n\n\n\n<figure class=\"wp-block-image size-large\"><img decoding=\"async\" width=\"1024\" height=\"1024\" data-id=\"5767\" src=\"https:\/\/lamoderna.edu.ec\/wp-content\/uploads\/2022\/05\/Primaria5-2-1024x1024.jpg\" alt=\"\" class=\"wp-image-5767\" srcset=\"https:\/\/lamoderna.edu.ec\/wp-content\/uploads\/2022\/05\/Primaria5-2-1024x1024.jpg 1024w, https:\/\/lamoderna.edu.ec\/wp-content\/uploads\/2022\/05\/Primaria5-2-300x300.jpg 300w, https:\/\/lamoderna.edu.ec\/wp-content\/uploads\/2022\/05\/Primaria5-2-150x150.jpg 150w, https:\/\/lamoderna.edu.ec\/wp-content\/uploads\/2022\/05\/Primaria5-2-768x768.jpg 768w, https:\/\/lamoderna.edu.ec\/wp-content\/uploads\/2022\/05\/Primaria5-2.jpg 1100w\" sizes=\"(max-width: 1024px) 100vw, 1024px\" \/><\/figure>\n<\/figure>\n\n\n\n<p>Moderna Junior returned to face-to-face classes with 100% of capacity in a fun and exciting environment in a progressive way, from May 6, 2022. same wasIt  accompanied by stilt walkers and dances performed and coordinated by teachers of the institution, who through their presentations delighted the students with festivity and joy.<\/p>\n\n\n\n<figure class=\"wp-block-gallery has-nested-images columns-default is-cropped wp-block-gallery-2 is-layout-flex wp-block-gallery-is-layout-flex\">\n<figure class=\"wp-block-image size-large\"><img decoding=\"async\" width=\"1024\" height=\"1024\" data-id=\"5741\" src=\"https:\/\/lamoderna.edu.ec\/wp-content\/uploads\/2022\/05\/primaria3-1-8-1024x1024.jpg\" alt=\"\" class=\"wp-image-5741\" srcset=\"https:\/\/lamoderna.edu.ec\/wp-content\/uploads\/2022\/05\/primaria3-1-8-1024x1024.jpg 1024w, https:\/\/lamoderna.edu.ec\/wp-content\/uploads\/2022\/05\/primaria3-1-8-300x300.jpg 300w, https:\/\/lamoderna.edu.ec\/wp-content\/uploads\/2022\/05\/primaria3-1-8-150x150.jpg 150w, https:\/\/lamoderna.edu.ec\/wp-content\/uploads\/2022\/05\/primaria3-1-8-768x768.jpg 768w, https:\/\/lamoderna.edu.ec\/wp-content\/uploads\/2022\/05\/primaria3-1-8.jpg 1100w\" sizes=\"(max-width: 1024px) 100vw, 1024px\" \/><\/figure>\n\n\n\n<figure class=\"wp-block-image size-large\"><img loading=\"lazy\" decoding=\"async\" width=\"1024\" height=\"1024\" data-id=\"5759\" src=\"https:\/\/lamoderna.edu.ec\/wp-content\/uploads\/2022\/05\/Primaria7-1-1024x1024.jpg\" alt=\"\" class=\"wp-image-5759\" srcset=\"https:\/\/lamoderna.edu.ec\/wp-content\/uploads\/2022\/05\/Primaria7-1-1024x1024.jpg 1024w, https:\/\/lamoderna.edu.ec\/wp-content\/uploads\/2022\/05\/Primaria7-1-300x300.jpg 300w, https:\/\/lamoderna.edu.ec\/wp-content\/uploads\/2022\/05\/Primaria7-1-150x150.jpg 150w, https:\/\/lamoderna.edu.ec\/wp-content\/uploads\/2022\/05\/Primaria7-1-768x768.jpg 768w, https:\/\/lamoderna.edu.ec\/wp-content\/uploads\/2022\/05\/Primaria7-1.jpg 1100w\" sizes=\"(max-width: 1024px) 100vw, 1024px\" \/><\/figure>\n\n\n\n<figure class=\"wp-block-image size-large\"><img loading=\"lazy\" decoding=\"async\" width=\"1024\" height=\"1024\" data-id=\"5755\" src=\"https:\/\/lamoderna.edu.ec\/wp-content\/uploads\/2022\/05\/primaria3-1-4-1-1024x1024.jpg\" alt=\"\" class=\"wp-image-5755\" srcset=\"https:\/\/lamoderna.edu.ec\/wp-content\/uploads\/2022\/05\/primaria3-1-4-1-1024x1024.jpg 1024w, https:\/\/lamoderna.edu.ec\/wp-content\/uploads\/2022\/05\/primaria3-1-4-1-300x300.jpg 300w, https:\/\/lamoderna.edu.ec\/wp-content\/uploads\/2022\/05\/primaria3-1-4-1-150x150.jpg 150w, https:\/\/lamoderna.edu.ec\/wp-content\/uploads\/2022\/05\/primaria3-1-4-1-768x768.jpg 768w, https:\/\/lamoderna.edu.ec\/wp-content\/uploads\/2022\/05\/primaria3-1-4-1.jpg 1100w\" sizes=\"(max-width: 1024px) 100vw, 1024px\" \/><\/figure>\n<\/figure>\n\n\n\n<p>Aware that for some of them it was the reunion with the classrooms after two years of virtuality, strategies were proposed that contributed to a process of adaptation to the integral formation of the students<\/p>\n\n\n\n<figure class=\"wp-block-gallery has-nested-images columns-default is-cropped wp-block-gallery-3 is-layout-flex wp-block-gallery-is-layout-flex\">\n<figure class=\"wp-block-image size-large\"><img loading=\"lazy\" decoding=\"async\" width=\"1024\" height=\"1024\" data-id=\"5757\" src=\"https:\/\/lamoderna.edu.ec\/wp-content\/uploads\/2022\/05\/2-1-1024x1024.jpg\" alt=\"\" class=\"wp-image-5757\" srcset=\"https:\/\/lamoderna.edu.ec\/wp-content\/uploads\/2022\/05\/2-1-1024x1024.jpg 1024w, https:\/\/lamoderna.edu.ec\/wp-content\/uploads\/2022\/05\/2-1-300x300.jpg 300w, https:\/\/lamoderna.edu.ec\/wp-content\/uploads\/2022\/05\/2-1-150x150.jpg 150w, https:\/\/lamoderna.edu.ec\/wp-content\/uploads\/2022\/05\/2-1-768x768.jpg 768w, https:\/\/lamoderna.edu.ec\/wp-content\/uploads\/2022\/05\/2-1.jpg 1467w\" sizes=\"(max-width: 1024px) 100vw, 1024px\" \/><\/figure>\n\n\n\n<figure class=\"wp-block-image size-large\"><img loading=\"lazy\" decoding=\"async\" width=\"1024\" height=\"1024\" data-id=\"5758\" src=\"https:\/\/lamoderna.edu.ec\/wp-content\/uploads\/2022\/05\/Primaria2-1-1024x1024.jpg\" alt=\"\" class=\"wp-image-5758\" srcset=\"https:\/\/lamoderna.edu.ec\/wp-content\/uploads\/2022\/05\/Primaria2-1-1024x1024.jpg 1024w, https:\/\/lamoderna.edu.ec\/wp-content\/uploads\/2022\/05\/Primaria2-1-300x300.jpg 300w, https:\/\/lamoderna.edu.ec\/wp-content\/uploads\/2022\/05\/Primaria2-1-150x150.jpg 150w, https:\/\/lamoderna.edu.ec\/wp-content\/uploads\/2022\/05\/Primaria2-1-768x768.jpg 768w, https:\/\/lamoderna.edu.ec\/wp-content\/uploads\/2022\/05\/Primaria2-1.jpg 1100w\" sizes=\"(max-width: 1024px) 100vw, 1024px\" \/><\/figure>\n\n\n\n<figure class=\"wp-block-image size-large\"><img loading=\"lazy\" decoding=\"async\" width=\"1024\" height=\"1024\" data-id=\"5761\" src=\"https:\/\/lamoderna.edu.ec\/wp-content\/uploads\/2022\/05\/Primaria6-1-1024x1024.jpg\" alt=\"\" class=\"wp-image-5761\" srcset=\"https:\/\/lamoderna.edu.ec\/wp-content\/uploads\/2022\/05\/Primaria6-1-1024x1024.jpg 1024w, https:\/\/lamoderna.edu.ec\/wp-content\/uploads\/2022\/05\/Primaria6-1-300x300.jpg 300w, https:\/\/lamoderna.edu.ec\/wp-content\/uploads\/2022\/05\/Primaria6-1-150x150.jpg 150w, https:\/\/lamoderna.edu.ec\/wp-content\/uploads\/2022\/05\/Primaria6-1-768x768.jpg 768w, https:\/\/lamoderna.edu.ec\/wp-content\/uploads\/2022\/05\/Primaria6-1.jpg 1100w\" sizes=\"(max-width: 1024px) 100vw, 1024px\" \/><\/figure>\n<\/figure>\n\n\n\n<p>For 2nd, 3rd, 4th, 5th and 6th grade, a new season begins in Junior, full of many games through the educational system \"Amazing Learning\" that brings with it, new teaching methods to promote the ease of learning languages such as English and French in the different subjects offered by La Moderna. <\/p>\n\n\n\n<figure class=\"wp-block-gallery has-nested-images columns-default is-cropped wp-block-gallery-4 is-layout-flex wp-block-gallery-is-layout-flex\">\n<figure class=\"wp-block-image size-large\"><img loading=\"lazy\" decoding=\"async\" width=\"1024\" height=\"1024\" data-id=\"5763\" src=\"https:\/\/lamoderna.edu.ec\/wp-content\/uploads\/2022\/05\/primaria-k1-1-1024x1024.jpg\" alt=\"\" class=\"wp-image-5763\" srcset=\"https:\/\/lamoderna.edu.ec\/wp-content\/uploads\/2022\/05\/primaria-k1-1-1024x1024.jpg 1024w, https:\/\/lamoderna.edu.ec\/wp-content\/uploads\/2022\/05\/primaria-k1-1-300x300.jpg 300w, https:\/\/lamoderna.edu.ec\/wp-content\/uploads\/2022\/05\/primaria-k1-1-150x150.jpg 150w, https:\/\/lamoderna.edu.ec\/wp-content\/uploads\/2022\/05\/primaria-k1-1-768x768.jpg 768w, https:\/\/lamoderna.edu.ec\/wp-content\/uploads\/2022\/05\/primaria-k1-1.jpg 1100w\" sizes=\"(max-width: 1024px) 100vw, 1024px\" \/><\/figure>\n\n\n\n<figure class=\"wp-block-image size-large\"><img loading=\"lazy\" decoding=\"async\" width=\"1024\" height=\"1024\" data-id=\"5770\" src=\"https:\/\/lamoderna.edu.ec\/wp-content\/uploads\/2022\/05\/Primaria12-1-1024x1024.jpg\" alt=\"\" class=\"wp-image-5770\" srcset=\"https:\/\/lamoderna.edu.ec\/wp-content\/uploads\/2022\/05\/Primaria12-1-1024x1024.jpg 1024w, https:\/\/lamoderna.edu.ec\/wp-content\/uploads\/2022\/05\/Primaria12-1-300x300.jpg 300w, https:\/\/lamoderna.edu.ec\/wp-content\/uploads\/2022\/05\/Primaria12-1-150x150.jpg 150w, https:\/\/lamoderna.edu.ec\/wp-content\/uploads\/2022\/05\/Primaria12-1-768x768.jpg 768w, https:\/\/lamoderna.edu.ec\/wp-content\/uploads\/2022\/05\/Primaria12-1.jpg 1100w\" sizes=\"(max-width: 1024px) 100vw, 1024px\" \/><\/figure>\n\n\n\n<figure class=\"wp-block-image size-large\"><img loading=\"lazy\" decoding=\"async\" width=\"1024\" height=\"1024\" data-id=\"5769\" src=\"https:\/\/lamoderna.edu.ec\/wp-content\/uploads\/2022\/05\/Primaria3-1-1024x1024.jpg\" alt=\"\" class=\"wp-image-5769\" srcset=\"https:\/\/lamoderna.edu.ec\/wp-content\/uploads\/2022\/05\/Primaria3-1-1024x1024.jpg 1024w, https:\/\/lamoderna.edu.ec\/wp-content\/uploads\/2022\/05\/Primaria3-1-300x300.jpg 300w, https:\/\/lamoderna.edu.ec\/wp-content\/uploads\/2022\/05\/Primaria3-1-150x150.jpg 150w, https:\/\/lamoderna.edu.ec\/wp-content\/uploads\/2022\/05\/Primaria3-1-768x768.jpg 768w, https:\/\/lamoderna.edu.ec\/wp-content\/uploads\/2022\/05\/Primaria3-1.jpg 1100w\" sizes=\"(max-width: 1024px) 100vw, 1024px\" \/><\/figure>\n<\/figure>\n\n\n\n<p><em>The return to on-site classes will continue with biosecurity measures, ventilation, circulation, necessary aspects to safeguard the welfare of the entire community.<\/em><\/p>","protected":false},"excerpt":{"rendered":"<p>Moderna Junior retorn\u00f3 a clases presenciales con 100% de aforo en un ambiente divertido y de mucha emoci\u00f3n de manera progresiva, desde el 06 de mayo de 2022. El mismo, estuvo acompa\u00f1ado por zanqueros y bailes realizados y coordinados por docentes de la instituci\u00f3n, quienes a trav\u00e9s de sus presentaciones alegraron a los estudiantes con [&hellip;]<\/p>\n","protected":false},"author":2,"featured_media":5760,"comment_status":"open","ping_status":"open","sticky":false,"template":"","format":"standard","meta":{"footnotes":""},"categories":[104],"tags":[],"class_list":["post-5722","post","type-post","status-publish","format-standard","has-post-thumbnail","hentry","category-sin-categoria"],"yoast_head":"<!-- This site is optimized with the Yoast SEO plugin v27.5 - https:\/\/yoast.com\/product\/yoast-seo-wordpress\/ -->\n<title>ZANQUEROS Y BAILES ACOMPA\u00d1ARON EL RETORNO A LA PRESENCIALIDAD DE MODERNA JUNIOR - La Moderna<\/title>\n<meta name=\"robots\" content=\"index, follow, max-snippet:-1, max-image-preview:large, max-video-preview:-1\" \/>\n<link rel=\"canonical\" href=\"https:\/\/lamoderna.edu.ec\/en\/zanqueros-y-bailes-acompanaron-el-retorno-presencial-de-moderna-junior\/\" \/>\n<meta property=\"og:locale\" content=\"en_US\" \/>\n<meta property=\"og:type\" content=\"article\" \/>\n<meta property=\"og:title\" content=\"ZANQUEROS Y BAILES ACOMPA\u00d1ARON EL RETORNO A LA PRESENCIALIDAD DE MODERNA JUNIOR - La Moderna\" \/>\n<meta property=\"og:description\" content=\"Moderna Junior retorn\u00f3 a clases presenciales con 100% de aforo en un ambiente divertido y de mucha emoci\u00f3n de manera progresiva, desde el 06 de mayo de 2022. El mismo, estuvo acompa\u00f1ado por zanqueros y bailes realizados y coordinados por docentes de la instituci\u00f3n, quienes a trav\u00e9s de sus presentaciones alegraron a los estudiantes con [&hellip;]\" \/>\n<meta property=\"og:url\" content=\"https:\/\/lamoderna.edu.ec\/en\/zanqueros-y-bailes-acompanaron-el-retorno-presencial-de-moderna-junior\/\" \/>\n<meta property=\"og:site_name\" content=\"La Moderna\" \/>\n<meta property=\"article:publisher\" content=\"https:\/\/www.facebook.com\/lamodernaEC\/\" \/>\n<meta property=\"article:published_time\" content=\"2022-05-10T17:35:23+00:00\" \/>\n<meta property=\"og:image\" content=\"https:\/\/lamoderna.edu.ec\/wp-content\/uploads\/2022\/05\/7-3.jpg\" \/>\n\t<meta property=\"og:image:width\" content=\"1467\" \/>\n\t<meta property=\"og:image:height\" content=\"1467\" \/>\n\t<meta property=\"og:image:type\" content=\"image\/jpeg\" \/>\n<meta name=\"author\" content=\"elyxir\" \/>\n<meta name=\"twitter:card\" content=\"summary_large_image\" \/>\n<meta name=\"twitter:label1\" content=\"Written by\" \/>\n\t<meta name=\"twitter:data1\" content=\"elyxir\" \/>\n\t<meta name=\"twitter:label2\" content=\"Est. reading time\" \/>\n\t<meta name=\"twitter:data2\" content=\"1 minute\" \/>\n<script type=\"application\/ld+json\" class=\"yoast-schema-graph\">{\"@context\":\"https:\\\/\\\/schema.org\",\"@graph\":[{\"@type\":\"Article\",\"@id\":\"https:\\\/\\\/lamoderna.edu.ec\\\/zanqueros-y-bailes-acompanaron-el-retorno-presencial-de-moderna-junior\\\/#article\",\"isPartOf\":{\"@id\":\"https:\\\/\\\/lamoderna.edu.ec\\\/zanqueros-y-bailes-acompanaron-el-retorno-presencial-de-moderna-junior\\\/\"},\"author\":{\"name\":\"elyxir\",\"@id\":\"https:\\\/\\\/lamoderna.edu.ec\\\/#\\\/schema\\\/person\\\/dcb037ac2daad37eb1ef9bf87414fcda\"},\"headline\":\"ZANQUEROS Y BAILES ACOMPA\u00d1ARON EL RETORNO A LA PRESENCIALIDAD DE MODERNA JUNIOR\",\"datePublished\":\"2022-05-10T17:35:23+00:00\",\"mainEntityOfPage\":{\"@id\":\"https:\\\/\\\/lamoderna.edu.ec\\\/zanqueros-y-bailes-acompanaron-el-retorno-presencial-de-moderna-junior\\\/\"},\"wordCount\":198,\"commentCount\":0,\"publisher\":{\"@id\":\"https:\\\/\\\/lamoderna.edu.ec\\\/#organization\"},\"image\":{\"@id\":\"https:\\\/\\\/lamoderna.edu.ec\\\/zanqueros-y-bailes-acompanaron-el-retorno-presencial-de-moderna-junior\\\/#primaryimage\"},\"thumbnailUrl\":\"https:\\\/\\\/lamoderna.edu.ec\\\/wp-content\\\/uploads\\\/2022\\\/05\\\/7-3.jpg\",\"articleSection\":[\"Sin categor\u00eda\"],\"inLanguage\":\"en-US\",\"potentialAction\":[{\"@type\":\"CommentAction\",\"name\":\"Comment\",\"target\":[\"https:\\\/\\\/lamoderna.edu.ec\\\/zanqueros-y-bailes-acompanaron-el-retorno-presencial-de-moderna-junior\\\/#respond\"]}]},{\"@type\":\"WebPage\",\"@id\":\"https:\\\/\\\/lamoderna.edu.ec\\\/zanqueros-y-bailes-acompanaron-el-retorno-presencial-de-moderna-junior\\\/\",\"url\":\"https:\\\/\\\/lamoderna.edu.ec\\\/zanqueros-y-bailes-acompanaron-el-retorno-presencial-de-moderna-junior\\\/\",\"name\":\"ZANQUEROS Y BAILES ACOMPA\u00d1ARON EL RETORNO A LA PRESENCIALIDAD DE MODERNA JUNIOR - La Moderna\",\"isPartOf\":{\"@id\":\"https:\\\/\\\/lamoderna.edu.ec\\\/#website\"},\"primaryImageOfPage\":{\"@id\":\"https:\\\/\\\/lamoderna.edu.ec\\\/zanqueros-y-bailes-acompanaron-el-retorno-presencial-de-moderna-junior\\\/#primaryimage\"},\"image\":{\"@id\":\"https:\\\/\\\/lamoderna.edu.ec\\\/zanqueros-y-bailes-acompanaron-el-retorno-presencial-de-moderna-junior\\\/#primaryimage\"},\"thumbnailUrl\":\"https:\\\/\\\/lamoderna.edu.ec\\\/wp-content\\\/uploads\\\/2022\\\/05\\\/7-3.jpg\",\"datePublished\":\"2022-05-10T17:35:23+00:00\",\"breadcrumb\":{\"@id\":\"https:\\\/\\\/lamoderna.edu.ec\\\/zanqueros-y-bailes-acompanaron-el-retorno-presencial-de-moderna-junior\\\/#breadcrumb\"},\"inLanguage\":\"en-US\",\"potentialAction\":[{\"@type\":\"ReadAction\",\"target\":[\"https:\\\/\\\/lamoderna.edu.ec\\\/zanqueros-y-bailes-acompanaron-el-retorno-presencial-de-moderna-junior\\\/\"]}]},{\"@type\":\"ImageObject\",\"inLanguage\":\"en-US\",\"@id\":\"https:\\\/\\\/lamoderna.edu.ec\\\/zanqueros-y-bailes-acompanaron-el-retorno-presencial-de-moderna-junior\\\/#primaryimage\",\"url\":\"https:\\\/\\\/lamoderna.edu.ec\\\/wp-content\\\/uploads\\\/2022\\\/05\\\/7-3.jpg\",\"contentUrl\":\"https:\\\/\\\/lamoderna.edu.ec\\\/wp-content\\\/uploads\\\/2022\\\/05\\\/7-3.jpg\",\"width\":1467,\"height\":1467},{\"@type\":\"BreadcrumbList\",\"@id\":\"https:\\\/\\\/lamoderna.edu.ec\\\/zanqueros-y-bailes-acompanaron-el-retorno-presencial-de-moderna-junior\\\/#breadcrumb\",\"itemListElement\":[{\"@type\":\"ListItem\",\"position\":1,\"name\":\"Inicio\",\"item\":\"https:\\\/\\\/lamoderna.edu.ec\\\/\"},{\"@type\":\"ListItem\",\"position\":2,\"name\":\"ZANQUEROS Y BAILES ACOMPA\u00d1ARON EL RETORNO A LA PRESENCIALIDAD DE MODERNA JUNIOR\"}]},{\"@type\":\"WebSite\",\"@id\":\"https:\\\/\\\/lamoderna.edu.ec\\\/#website\",\"url\":\"https:\\\/\\\/lamoderna.edu.ec\\\/\",\"name\":\"Colegio La Moderna\",\"description\":\"Unidad Educativa Particular Biling\u00fce\",\"publisher\":{\"@id\":\"https:\\\/\\\/lamoderna.edu.ec\\\/#organization\"},\"alternateName\":\"Colegio LMO\",\"potentialAction\":[{\"@type\":\"SearchAction\",\"target\":{\"@type\":\"EntryPoint\",\"urlTemplate\":\"https:\\\/\\\/lamoderna.edu.ec\\\/?s={search_term_string}\"},\"query-input\":{\"@type\":\"PropertyValueSpecification\",\"valueRequired\":true,\"valueName\":\"search_term_string\"}}],\"inLanguage\":\"en-US\"},{\"@type\":\"Organization\",\"@id\":\"https:\\\/\\\/lamoderna.edu.ec\\\/#organization\",\"name\":\"Colegio La Moderna\",\"alternateName\":\"Colegio LMO\",\"url\":\"https:\\\/\\\/lamoderna.edu.ec\\\/\",\"logo\":{\"@type\":\"ImageObject\",\"inLanguage\":\"en-US\",\"@id\":\"https:\\\/\\\/lamoderna.edu.ec\\\/#\\\/schema\\\/logo\\\/image\\\/\",\"url\":\"https:\\\/\\\/lamoderna.edu.ec\\\/wp-content\\\/uploads\\\/2024\\\/08\\\/icono.png\",\"contentUrl\":\"https:\\\/\\\/lamoderna.edu.ec\\\/wp-content\\\/uploads\\\/2024\\\/08\\\/icono.png\",\"width\":103,\"height\":102,\"caption\":\"Colegio La Moderna\"},\"image\":{\"@id\":\"https:\\\/\\\/lamoderna.edu.ec\\\/#\\\/schema\\\/logo\\\/image\\\/\"},\"sameAs\":[\"https:\\\/\\\/www.facebook.com\\\/lamodernaEC\\\/\",\"https:\\\/\\\/www.instagram.com\\\/lamoderna_ec\\\/#\"]},{\"@type\":\"Person\",\"@id\":\"https:\\\/\\\/lamoderna.edu.ec\\\/#\\\/schema\\\/person\\\/dcb037ac2daad37eb1ef9bf87414fcda\",\"name\":\"elyxir\",\"image\":{\"@type\":\"ImageObject\",\"inLanguage\":\"en-US\",\"@id\":\"https:\\\/\\\/secure.gravatar.com\\\/avatar\\\/76e29e7f71b7ce993618bb4160e20751e0b1fb916573c8111c1bf5a78d422bdb?s=96&d=mm&r=g\",\"url\":\"https:\\\/\\\/secure.gravatar.com\\\/avatar\\\/76e29e7f71b7ce993618bb4160e20751e0b1fb916573c8111c1bf5a78d422bdb?s=96&d=mm&r=g\",\"contentUrl\":\"https:\\\/\\\/secure.gravatar.com\\\/avatar\\\/76e29e7f71b7ce993618bb4160e20751e0b1fb916573c8111c1bf5a78d422bdb?s=96&d=mm&r=g\",\"caption\":\"elyxir\"},\"sameAs\":[\"http:\\\/\\\/elyxirdigital.com.mx\"],\"url\":\"https:\\\/\\\/lamoderna.edu.ec\\\/en\\\/author\\\/elyxir\\\/\"}]}<\/script>\n<!-- \/ Yoast SEO plugin. -->","yoast_head_json":{"title":"ZANQUEROS Y BAILES ACOMPA\u00d1ARON EL RETORNO A LA PRESENCIALIDAD DE MODERNA JUNIOR - La Moderna","robots":{"index":"index","follow":"follow","max-snippet":"max-snippet:-1","max-image-preview":"max-image-preview:large","max-video-preview":"max-video-preview:-1"},"canonical":"https:\/\/lamoderna.edu.ec\/en\/zanqueros-y-bailes-acompanaron-el-retorno-presencial-de-moderna-junior\/","og_locale":"en_US","og_type":"article","og_title":"ZANQUEROS Y BAILES ACOMPA\u00d1ARON EL RETORNO A LA PRESENCIALIDAD DE MODERNA JUNIOR - La Moderna","og_description":"Moderna Junior retorn\u00f3 a clases presenciales con 100% de aforo en un ambiente divertido y de mucha emoci\u00f3n de manera progresiva, desde el 06 de mayo de 2022. El mismo, estuvo acompa\u00f1ado por zanqueros y bailes realizados y coordinados por docentes de la instituci\u00f3n, quienes a trav\u00e9s de sus presentaciones alegraron a los estudiantes con [&hellip;]","og_url":"https:\/\/lamoderna.edu.ec\/en\/zanqueros-y-bailes-acompanaron-el-retorno-presencial-de-moderna-junior\/","og_site_name":"La Moderna","article_publisher":"https:\/\/www.facebook.com\/lamodernaEC\/","article_published_time":"2022-05-10T17:35:23+00:00","og_image":[{"width":1467,"height":1467,"url":"https:\/\/lamoderna.edu.ec\/wp-content\/uploads\/2022\/05\/7-3.jpg","type":"image\/jpeg"}],"author":"elyxir","twitter_card":"summary_large_image","twitter_misc":{"Written by":"elyxir","Est. reading time":"1 minute"},"schema":{"@context":"https:\/\/schema.org","@graph":[{"@type":"Article","@id":"https:\/\/lamoderna.edu.ec\/zanqueros-y-bailes-acompanaron-el-retorno-presencial-de-moderna-junior\/#article","isPartOf":{"@id":"https:\/\/lamoderna.edu.ec\/zanqueros-y-bailes-acompanaron-el-retorno-presencial-de-moderna-junior\/"},"author":{"name":"elyxir","@id":"https:\/\/lamoderna.edu.ec\/#\/schema\/person\/dcb037ac2daad37eb1ef9bf87414fcda"},"headline":"ZANQUEROS Y BAILES ACOMPA\u00d1ARON EL RETORNO A LA PRESENCIALIDAD DE MODERNA JUNIOR","datePublished":"2022-05-10T17:35:23+00:00","mainEntityOfPage":{"@id":"https:\/\/lamoderna.edu.ec\/zanqueros-y-bailes-acompanaron-el-retorno-presencial-de-moderna-junior\/"},"wordCount":198,"commentCount":0,"publisher":{"@id":"https:\/\/lamoderna.edu.ec\/#organization"},"image":{"@id":"https:\/\/lamoderna.edu.ec\/zanqueros-y-bailes-acompanaron-el-retorno-presencial-de-moderna-junior\/#primaryimage"},"thumbnailUrl":"https:\/\/lamoderna.edu.ec\/wp-content\/uploads\/2022\/05\/7-3.jpg","articleSection":["Sin categor\u00eda"],"inLanguage":"en-US","potentialAction":[{"@type":"CommentAction","name":"Comment","target":["https:\/\/lamoderna.edu.ec\/zanqueros-y-bailes-acompanaron-el-retorno-presencial-de-moderna-junior\/#respond"]}]},{"@type":"WebPage","@id":"https:\/\/lamoderna.edu.ec\/zanqueros-y-bailes-acompanaron-el-retorno-presencial-de-moderna-junior\/","url":"https:\/\/lamoderna.edu.ec\/zanqueros-y-bailes-acompanaron-el-retorno-presencial-de-moderna-junior\/","name":"ZANQUEROS Y BAILES ACOMPA\u00d1ARON EL RETORNO A LA PRESENCIALIDAD DE MODERNA JUNIOR - La Moderna","isPartOf":{"@id":"https:\/\/lamoderna.edu.ec\/#website"},"primaryImageOfPage":{"@id":"https:\/\/lamoderna.edu.ec\/zanqueros-y-bailes-acompanaron-el-retorno-presencial-de-moderna-junior\/#primaryimage"},"image":{"@id":"https:\/\/lamoderna.edu.ec\/zanqueros-y-bailes-acompanaron-el-retorno-presencial-de-moderna-junior\/#primaryimage"},"thumbnailUrl":"https:\/\/lamoderna.edu.ec\/wp-content\/uploads\/2022\/05\/7-3.jpg","datePublished":"2022-05-10T17:35:23+00:00","breadcrumb":{"@id":"https:\/\/lamoderna.edu.ec\/zanqueros-y-bailes-acompanaron-el-retorno-presencial-de-moderna-junior\/#breadcrumb"},"inLanguage":"en-US","potentialAction":[{"@type":"ReadAction","target":["https:\/\/lamoderna.edu.ec\/zanqueros-y-bailes-acompanaron-el-retorno-presencial-de-moderna-junior\/"]}]},{"@type":"ImageObject","inLanguage":"en-US","@id":"https:\/\/lamoderna.edu.ec\/zanqueros-y-bailes-acompanaron-el-retorno-presencial-de-moderna-junior\/#primaryimage","url":"https:\/\/lamoderna.edu.ec\/wp-content\/uploads\/2022\/05\/7-3.jpg","contentUrl":"https:\/\/lamoderna.edu.ec\/wp-content\/uploads\/2022\/05\/7-3.jpg","width":1467,"height":1467},{"@type":"BreadcrumbList","@id":"https:\/\/lamoderna.edu.ec\/zanqueros-y-bailes-acompanaron-el-retorno-presencial-de-moderna-junior\/#breadcrumb","itemListElement":[{"@type":"ListItem","position":1,"name":"Inicio","item":"https:\/\/lamoderna.edu.ec\/"},{"@type":"ListItem","position":2,"name":"ZANQUEROS Y BAILES ACOMPA\u00d1ARON EL RETORNO A LA PRESENCIALIDAD DE MODERNA JUNIOR"}]},{"@type":"WebSite","@id":"https:\/\/lamoderna.edu.ec\/#website","url":"https:\/\/lamoderna.edu.ec\/","name":"Colegio La Moderna","description":"Unidad Educativa Particular Biling\u00fce","publisher":{"@id":"https:\/\/lamoderna.edu.ec\/#organization"},"alternateName":"Colegio LMO","potentialAction":[{"@type":"SearchAction","target":{"@type":"EntryPoint","urlTemplate":"https:\/\/lamoderna.edu.ec\/?s={search_term_string}"},"query-input":{"@type":"PropertyValueSpecification","valueRequired":true,"valueName":"search_term_string"}}],"inLanguage":"en-US"},{"@type":"Organization","@id":"https:\/\/lamoderna.edu.ec\/#organization","name":"Colegio La Moderna","alternateName":"Colegio LMO","url":"https:\/\/lamoderna.edu.ec\/","logo":{"@type":"ImageObject","inLanguage":"en-US","@id":"https:\/\/lamoderna.edu.ec\/#\/schema\/logo\/image\/","url":"https:\/\/lamoderna.edu.ec\/wp-content\/uploads\/2024\/08\/icono.png","contentUrl":"https:\/\/lamoderna.edu.ec\/wp-content\/uploads\/2024\/08\/icono.png","width":103,"height":102,"caption":"Colegio La Moderna"},"image":{"@id":"https:\/\/lamoderna.edu.ec\/#\/schema\/logo\/image\/"},"sameAs":["https:\/\/www.facebook.com\/lamodernaEC\/","https:\/\/www.instagram.com\/lamoderna_ec\/#"]},{"@type":"Person","@id":"https:\/\/lamoderna.edu.ec\/#\/schema\/person\/dcb037ac2daad37eb1ef9bf87414fcda","name":"elyxir","image":{"@type":"ImageObject","inLanguage":"en-US","@id":"https:\/\/secure.gravatar.com\/avatar\/76e29e7f71b7ce993618bb4160e20751e0b1fb916573c8111c1bf5a78d422bdb?s=96&d=mm&r=g","url":"https:\/\/secure.gravatar.com\/avatar\/76e29e7f71b7ce993618bb4160e20751e0b1fb916573c8111c1bf5a78d422bdb?s=96&d=mm&r=g","contentUrl":"https:\/\/secure.gravatar.com\/avatar\/76e29e7f71b7ce993618bb4160e20751e0b1fb916573c8111c1bf5a78d422bdb?s=96&d=mm&r=g","caption":"elyxir"},"sameAs":["http:\/\/elyxirdigital.com.mx"],"url":"https:\/\/lamoderna.edu.ec\/en\/author\/elyxir\/"}]}},"_links":{"self":[{"href":"https:\/\/lamoderna.edu.ec\/en\/wp-json\/wp\/v2\/posts\/5722","targetHints":{"allow":["GET"]}}],"collection":[{"href":"https:\/\/lamoderna.edu.ec\/en\/wp-json\/wp\/v2\/posts"}],"about":[{"href":"https:\/\/lamoderna.edu.ec\/en\/wp-json\/wp\/v2\/types\/post"}],"author":[{"embeddable":true,"href":"https:\/\/lamoderna.edu.ec\/en\/wp-json\/wp\/v2\/users\/2"}],"replies":[{"embeddable":true,"href":"https:\/\/lamoderna.edu.ec\/en\/wp-json\/wp\/v2\/comments?post=5722"}],"version-history":[{"count":0,"href":"https:\/\/lamoderna.edu.ec\/en\/wp-json\/wp\/v2\/posts\/5722\/revisions"}],"wp:featuredmedia":[{"embeddable":true,"href":"https:\/\/lamoderna.edu.ec\/en\/wp-json\/wp\/v2\/media\/5760"}],"wp:attachment":[{"href":"https:\/\/lamoderna.edu.ec\/en\/wp-json\/wp\/v2\/media?parent=5722"}],"wp:term":[{"taxonomy":"category","embeddable":true,"href":"https:\/\/lamoderna.edu.ec\/en\/wp-json\/wp\/v2\/categories?post=5722"},{"taxonomy":"post_tag","embeddable":true,"href":"https:\/\/lamoderna.edu.ec\/en\/wp-json\/wp\/v2\/tags?post=5722"}],"curies":[{"name":"wp","href":"https:\/\/api.w.org\/{rel}","templated":true}]}}