{"id":5254,"date":"2022-03-04T17:48:39","date_gmt":"2022-03-04T17:48:39","guid":{"rendered":"https:\/\/lamoderna.edu.ec\/?p=5254"},"modified":"2022-03-04T17:48:39","modified_gmt":"2022-03-04T17:48:39","slug":"la-moderna-dona-articulos-a-afectados-por-lluvias-en-ecuador","status":"publish","type":"post","link":"https:\/\/lamoderna.edu.ec\/en\/la-moderna-dona-articulos-a-afectados-por-lluvias-en-ecuador\/","title":{"rendered":"LA MODERNA DONATED GOODS AND FOOD TO VICTIMS OF WINTER RAVAGES"},"content":{"rendered":"<p>Different perishable items such as clothes, shoes, among other items of primary need were delivered to the Fire Department of the Canton Samborond\u00f3n as part of the social responsibility campaign that La Moderna constantly carries out for the benefit of society.<\/p>\n\n\n\n<p><\/p>\n\n\n\n<figure class=\"wp-block-gallery has-nested-images columns-default is-cropped wp-block-gallery-1 is-layout-flex wp-block-gallery-is-layout-flex\">\n<figure class=\"wp-block-image size-large\"><img fetchpriority=\"high\" decoding=\"async\" width=\"1024\" height=\"1024\" data-id=\"5264\" src=\"https:\/\/lamoderna.edu.ec\/wp-content\/uploads\/2022\/03\/3-1024x1024.jpg\" alt=\"\" class=\"wp-image-5264\" srcset=\"https:\/\/lamoderna.edu.ec\/wp-content\/uploads\/2022\/03\/3-1024x1024.jpg 1024w, https:\/\/lamoderna.edu.ec\/wp-content\/uploads\/2022\/03\/3-300x300.jpg 300w, https:\/\/lamoderna.edu.ec\/wp-content\/uploads\/2022\/03\/3-150x150.jpg 150w, https:\/\/lamoderna.edu.ec\/wp-content\/uploads\/2022\/03\/3-768x768.jpg 768w, https:\/\/lamoderna.edu.ec\/wp-content\/uploads\/2022\/03\/3.jpg 1100w\" sizes=\"(max-width: 1024px) 100vw, 1024px\" \/><\/figure>\n<\/figure>\n\n\n\n<p>A correspondent team of the Institution made the direct delivery to Colonel Jaime Cucal\u00f3n, first chief of the Fire Department of Samborond\u00f3n, who pleasantly thanked the kindness and empathy of students, teachers and staff for the commitment to share and help those most affected in this winter season.  <\/p>\n\n\n\n<figure class=\"wp-block-gallery has-nested-images columns-default is-cropped wp-block-gallery-2 is-layout-flex wp-block-gallery-is-layout-flex\">\n<figure class=\"wp-block-image size-large\"><img decoding=\"async\" width=\"1024\" height=\"1024\" data-id=\"5258\" src=\"https:\/\/lamoderna.edu.ec\/wp-content\/uploads\/2022\/03\/4-1-1024x1024.jpg\" alt=\"\" class=\"wp-image-5258\" srcset=\"https:\/\/lamoderna.edu.ec\/wp-content\/uploads\/2022\/03\/4-1-1024x1024.jpg 1024w, https:\/\/lamoderna.edu.ec\/wp-content\/uploads\/2022\/03\/4-1-300x300.jpg 300w, https:\/\/lamoderna.edu.ec\/wp-content\/uploads\/2022\/03\/4-1-150x150.jpg 150w, https:\/\/lamoderna.edu.ec\/wp-content\/uploads\/2022\/03\/4-1-768x768.jpg 768w, https:\/\/lamoderna.edu.ec\/wp-content\/uploads\/2022\/03\/4-1.jpg 1100w\" sizes=\"(max-width: 1024px) 100vw, 1024px\" \/><\/figure>\n\n\n\n<figure class=\"wp-block-image size-large\"><img decoding=\"async\" width=\"1024\" height=\"1024\" data-id=\"5267\" src=\"https:\/\/lamoderna.edu.ec\/wp-content\/uploads\/2022\/03\/5-1-1024x1024.jpg\" alt=\"\" class=\"wp-image-5267\" srcset=\"https:\/\/lamoderna.edu.ec\/wp-content\/uploads\/2022\/03\/5-1-1024x1024.jpg 1024w, https:\/\/lamoderna.edu.ec\/wp-content\/uploads\/2022\/03\/5-1-300x300.jpg 300w, https:\/\/lamoderna.edu.ec\/wp-content\/uploads\/2022\/03\/5-1-150x150.jpg 150w, https:\/\/lamoderna.edu.ec\/wp-content\/uploads\/2022\/03\/5-1-768x768.jpg 768w, https:\/\/lamoderna.edu.ec\/wp-content\/uploads\/2022\/03\/5-1.jpg 1100w\" sizes=\"(max-width: 1024px) 100vw, 1024px\" \/><\/figure>\n\n\n\n<figure class=\"wp-block-image size-large\"><img decoding=\"async\" data-id=\"5266\" src=\"https:\/\/lamoderna.edu.ec\/wp-content\/uploads\/2022\/03\/IMG_9361-1024x683.jpg\" alt=\"\" class=\"wp-image-5266\"\/><\/figure>\n<\/figure>\n\n\n\n<p>Parents through several of our students were present with small details that reflected the solidarity that La Moderna imparts as one of the most important values when it comes to exercise in professional life. <\/p>\n\n\n\n<figure class=\"wp-block-image size-large\"><img decoding=\"async\" src=\"https:\/\/lamoderna.edu.ec\/wp-content\/uploads\/2022\/03\/IMG_9374-1024x683.jpg\" alt=\"\" class=\"wp-image-5263\"\/><\/figure>\n\n\n\n<p>This whole process was carried out under the coordination of the school authorities and a number of important requirements to consider to deliver items in good condition.<\/p>","protected":false},"excerpt":{"rendered":"<p>Se realiz\u00f3 entrega de diferentes art\u00edculos perecibles como ropa, zapatos, entre otros elementos de necesidad primaria al Benem\u00e9rito Cuerpo de Bomberos del Cant\u00f3n Samborond\u00f3n como parte de la campa\u00f1a de responsabilidad social que La Moderna lleva constantemente en beneficio de la sociedad. Un equipo corresponsal de la Instituci\u00f3n hizo la entrega directa al Coronel Jaime [&hellip;]<\/p>\n","protected":false},"author":2,"featured_media":5265,"comment_status":"open","ping_status":"open","sticky":false,"template":"","format":"standard","meta":{"footnotes":""},"categories":[104],"tags":[],"class_list":["post-5254","post","type-post","status-publish","format-standard","has-post-thumbnail","hentry","category-sin-categoria"],"yoast_head":"<!-- This site is optimized with the Yoast SEO plugin v27.5 - https:\/\/yoast.com\/product\/yoast-seo-wordpress\/ -->\n<title>LA MODERNA DON\u00d3 ART\u00cdCULOS Y ALIMENTOS A DAMNIFICADOS POR ESTRAGOS INVERNALES - La Moderna<\/title>\n<meta name=\"robots\" content=\"index, follow, max-snippet:-1, max-image-preview:large, max-video-preview:-1\" \/>\n<link rel=\"canonical\" href=\"https:\/\/lamoderna.edu.ec\/en\/la-moderna-dona-articulos-a-afectados-por-lluvias-en-ecuador\/\" \/>\n<meta property=\"og:locale\" content=\"en_US\" \/>\n<meta property=\"og:type\" content=\"article\" \/>\n<meta property=\"og:title\" content=\"LA MODERNA DON\u00d3 ART\u00cdCULOS Y ALIMENTOS A DAMNIFICADOS POR ESTRAGOS INVERNALES - La Moderna\" \/>\n<meta property=\"og:description\" content=\"Se realiz\u00f3 entrega de diferentes art\u00edculos perecibles como ropa, zapatos, entre otros elementos de necesidad primaria al Benem\u00e9rito Cuerpo de Bomberos del Cant\u00f3n Samborond\u00f3n como parte de la campa\u00f1a de responsabilidad social que La Moderna lleva constantemente en beneficio de la sociedad. Un equipo corresponsal de la Instituci\u00f3n hizo la entrega directa al Coronel Jaime [&hellip;]\" \/>\n<meta property=\"og:url\" content=\"https:\/\/lamoderna.edu.ec\/en\/la-moderna-dona-articulos-a-afectados-por-lluvias-en-ecuador\/\" \/>\n<meta property=\"og:site_name\" content=\"La Moderna\" \/>\n<meta property=\"article:publisher\" content=\"https:\/\/www.facebook.com\/lamodernaEC\/\" \/>\n<meta property=\"article:published_time\" content=\"2022-03-04T17:48:39+00:00\" \/>\n<meta property=\"og:image\" content=\"https:\/\/lamoderna.edu.ec\/wp-content\/uploads\/2022\/03\/IMG_9370-scaled-e1646415964574.jpg\" \/>\n\t<meta property=\"og:image:width\" content=\"2554\" \/>\n\t<meta property=\"og:image:height\" content=\"1433\" \/>\n\t<meta property=\"og:image:type\" content=\"image\/jpeg\" \/>\n<meta name=\"author\" content=\"elyxir\" \/>\n<meta name=\"twitter:card\" content=\"summary_large_image\" \/>\n<meta name=\"twitter:label1\" content=\"Written by\" \/>\n\t<meta name=\"twitter:data1\" content=\"elyxir\" \/>\n\t<meta name=\"twitter:label2\" content=\"Est. reading time\" \/>\n\t<meta name=\"twitter:data2\" content=\"1 minute\" \/>\n<script type=\"application\/ld+json\" class=\"yoast-schema-graph\">{\"@context\":\"https:\\\/\\\/schema.org\",\"@graph\":[{\"@type\":\"Article\",\"@id\":\"https:\\\/\\\/lamoderna.edu.ec\\\/la-moderna-dona-articulos-a-afectados-por-lluvias-en-ecuador\\\/#article\",\"isPartOf\":{\"@id\":\"https:\\\/\\\/lamoderna.edu.ec\\\/la-moderna-dona-articulos-a-afectados-por-lluvias-en-ecuador\\\/\"},\"author\":{\"name\":\"elyxir\",\"@id\":\"https:\\\/\\\/lamoderna.edu.ec\\\/#\\\/schema\\\/person\\\/dcb037ac2daad37eb1ef9bf87414fcda\"},\"headline\":\"LA MODERNA DON\u00d3 ART\u00cdCULOS Y ALIMENTOS A DAMNIFICADOS POR ESTRAGOS INVERNALES\",\"datePublished\":\"2022-03-04T17:48:39+00:00\",\"mainEntityOfPage\":{\"@id\":\"https:\\\/\\\/lamoderna.edu.ec\\\/la-moderna-dona-articulos-a-afectados-por-lluvias-en-ecuador\\\/\"},\"wordCount\":193,\"commentCount\":0,\"publisher\":{\"@id\":\"https:\\\/\\\/lamoderna.edu.ec\\\/#organization\"},\"image\":{\"@id\":\"https:\\\/\\\/lamoderna.edu.ec\\\/la-moderna-dona-articulos-a-afectados-por-lluvias-en-ecuador\\\/#primaryimage\"},\"thumbnailUrl\":\"https:\\\/\\\/lamoderna.edu.ec\\\/wp-content\\\/uploads\\\/2022\\\/03\\\/IMG_9370-scaled-e1646415964574.jpg\",\"articleSection\":[\"Sin categor\u00eda\"],\"inLanguage\":\"en-US\",\"potentialAction\":[{\"@type\":\"CommentAction\",\"name\":\"Comment\",\"target\":[\"https:\\\/\\\/lamoderna.edu.ec\\\/la-moderna-dona-articulos-a-afectados-por-lluvias-en-ecuador\\\/#respond\"]}]},{\"@type\":\"WebPage\",\"@id\":\"https:\\\/\\\/lamoderna.edu.ec\\\/la-moderna-dona-articulos-a-afectados-por-lluvias-en-ecuador\\\/\",\"url\":\"https:\\\/\\\/lamoderna.edu.ec\\\/la-moderna-dona-articulos-a-afectados-por-lluvias-en-ecuador\\\/\",\"name\":\"LA MODERNA DON\u00d3 ART\u00cdCULOS Y ALIMENTOS A DAMNIFICADOS POR ESTRAGOS INVERNALES - La Moderna\",\"isPartOf\":{\"@id\":\"https:\\\/\\\/lamoderna.edu.ec\\\/#website\"},\"primaryImageOfPage\":{\"@id\":\"https:\\\/\\\/lamoderna.edu.ec\\\/la-moderna-dona-articulos-a-afectados-por-lluvias-en-ecuador\\\/#primaryimage\"},\"image\":{\"@id\":\"https:\\\/\\\/lamoderna.edu.ec\\\/la-moderna-dona-articulos-a-afectados-por-lluvias-en-ecuador\\\/#primaryimage\"},\"thumbnailUrl\":\"https:\\\/\\\/lamoderna.edu.ec\\\/wp-content\\\/uploads\\\/2022\\\/03\\\/IMG_9370-scaled-e1646415964574.jpg\",\"datePublished\":\"2022-03-04T17:48:39+00:00\",\"breadcrumb\":{\"@id\":\"https:\\\/\\\/lamoderna.edu.ec\\\/la-moderna-dona-articulos-a-afectados-por-lluvias-en-ecuador\\\/#breadcrumb\"},\"inLanguage\":\"en-US\",\"potentialAction\":[{\"@type\":\"ReadAction\",\"target\":[\"https:\\\/\\\/lamoderna.edu.ec\\\/la-moderna-dona-articulos-a-afectados-por-lluvias-en-ecuador\\\/\"]}]},{\"@type\":\"ImageObject\",\"inLanguage\":\"en-US\",\"@id\":\"https:\\\/\\\/lamoderna.edu.ec\\\/la-moderna-dona-articulos-a-afectados-por-lluvias-en-ecuador\\\/#primaryimage\",\"url\":\"https:\\\/\\\/lamoderna.edu.ec\\\/wp-content\\\/uploads\\\/2022\\\/03\\\/IMG_9370-scaled-e1646415964574.jpg\",\"contentUrl\":\"https:\\\/\\\/lamoderna.edu.ec\\\/wp-content\\\/uploads\\\/2022\\\/03\\\/IMG_9370-scaled-e1646415964574.jpg\",\"width\":2554,\"height\":1433},{\"@type\":\"BreadcrumbList\",\"@id\":\"https:\\\/\\\/lamoderna.edu.ec\\\/la-moderna-dona-articulos-a-afectados-por-lluvias-en-ecuador\\\/#breadcrumb\",\"itemListElement\":[{\"@type\":\"ListItem\",\"position\":1,\"name\":\"Inicio\",\"item\":\"https:\\\/\\\/lamoderna.edu.ec\\\/\"},{\"@type\":\"ListItem\",\"position\":2,\"name\":\"LA MODERNA DON\u00d3 ART\u00cdCULOS Y ALIMENTOS A DAMNIFICADOS POR ESTRAGOS INVERNALES\"}]},{\"@type\":\"WebSite\",\"@id\":\"https:\\\/\\\/lamoderna.edu.ec\\\/#website\",\"url\":\"https:\\\/\\\/lamoderna.edu.ec\\\/\",\"name\":\"Colegio La Moderna\",\"description\":\"Unidad Educativa Particular Biling\u00fce\",\"publisher\":{\"@id\":\"https:\\\/\\\/lamoderna.edu.ec\\\/#organization\"},\"alternateName\":\"Colegio LMO\",\"potentialAction\":[{\"@type\":\"SearchAction\",\"target\":{\"@type\":\"EntryPoint\",\"urlTemplate\":\"https:\\\/\\\/lamoderna.edu.ec\\\/?s={search_term_string}\"},\"query-input\":{\"@type\":\"PropertyValueSpecification\",\"valueRequired\":true,\"valueName\":\"search_term_string\"}}],\"inLanguage\":\"en-US\"},{\"@type\":\"Organization\",\"@id\":\"https:\\\/\\\/lamoderna.edu.ec\\\/#organization\",\"name\":\"Colegio La Moderna\",\"alternateName\":\"Colegio LMO\",\"url\":\"https:\\\/\\\/lamoderna.edu.ec\\\/\",\"logo\":{\"@type\":\"ImageObject\",\"inLanguage\":\"en-US\",\"@id\":\"https:\\\/\\\/lamoderna.edu.ec\\\/#\\\/schema\\\/logo\\\/image\\\/\",\"url\":\"https:\\\/\\\/lamoderna.edu.ec\\\/wp-content\\\/uploads\\\/2024\\\/08\\\/icono.png\",\"contentUrl\":\"https:\\\/\\\/lamoderna.edu.ec\\\/wp-content\\\/uploads\\\/2024\\\/08\\\/icono.png\",\"width\":103,\"height\":102,\"caption\":\"Colegio La Moderna\"},\"image\":{\"@id\":\"https:\\\/\\\/lamoderna.edu.ec\\\/#\\\/schema\\\/logo\\\/image\\\/\"},\"sameAs\":[\"https:\\\/\\\/www.facebook.com\\\/lamodernaEC\\\/\",\"https:\\\/\\\/www.instagram.com\\\/lamoderna_ec\\\/#\"]},{\"@type\":\"Person\",\"@id\":\"https:\\\/\\\/lamoderna.edu.ec\\\/#\\\/schema\\\/person\\\/dcb037ac2daad37eb1ef9bf87414fcda\",\"name\":\"elyxir\",\"image\":{\"@type\":\"ImageObject\",\"inLanguage\":\"en-US\",\"@id\":\"https:\\\/\\\/secure.gravatar.com\\\/avatar\\\/76e29e7f71b7ce993618bb4160e20751e0b1fb916573c8111c1bf5a78d422bdb?s=96&d=mm&r=g\",\"url\":\"https:\\\/\\\/secure.gravatar.com\\\/avatar\\\/76e29e7f71b7ce993618bb4160e20751e0b1fb916573c8111c1bf5a78d422bdb?s=96&d=mm&r=g\",\"contentUrl\":\"https:\\\/\\\/secure.gravatar.com\\\/avatar\\\/76e29e7f71b7ce993618bb4160e20751e0b1fb916573c8111c1bf5a78d422bdb?s=96&d=mm&r=g\",\"caption\":\"elyxir\"},\"sameAs\":[\"http:\\\/\\\/elyxirdigital.com.mx\"],\"url\":\"https:\\\/\\\/lamoderna.edu.ec\\\/en\\\/author\\\/elyxir\\\/\"}]}<\/script>\n<!-- \/ Yoast SEO plugin. -->","yoast_head_json":{"title":"LA MODERNA DON\u00d3 ART\u00cdCULOS Y ALIMENTOS A DAMNIFICADOS POR ESTRAGOS INVERNALES - La Moderna","robots":{"index":"index","follow":"follow","max-snippet":"max-snippet:-1","max-image-preview":"max-image-preview:large","max-video-preview":"max-video-preview:-1"},"canonical":"https:\/\/lamoderna.edu.ec\/en\/la-moderna-dona-articulos-a-afectados-por-lluvias-en-ecuador\/","og_locale":"en_US","og_type":"article","og_title":"LA MODERNA DON\u00d3 ART\u00cdCULOS Y ALIMENTOS A DAMNIFICADOS POR ESTRAGOS INVERNALES - La Moderna","og_description":"Se realiz\u00f3 entrega de diferentes art\u00edculos perecibles como ropa, zapatos, entre otros elementos de necesidad primaria al Benem\u00e9rito Cuerpo de Bomberos del Cant\u00f3n Samborond\u00f3n como parte de la campa\u00f1a de responsabilidad social que La Moderna lleva constantemente en beneficio de la sociedad. Un equipo corresponsal de la Instituci\u00f3n hizo la entrega directa al Coronel Jaime [&hellip;]","og_url":"https:\/\/lamoderna.edu.ec\/en\/la-moderna-dona-articulos-a-afectados-por-lluvias-en-ecuador\/","og_site_name":"La Moderna","article_publisher":"https:\/\/www.facebook.com\/lamodernaEC\/","article_published_time":"2022-03-04T17:48:39+00:00","og_image":[{"width":2554,"height":1433,"url":"https:\/\/lamoderna.edu.ec\/wp-content\/uploads\/2022\/03\/IMG_9370-scaled-e1646415964574.jpg","type":"image\/jpeg"}],"author":"elyxir","twitter_card":"summary_large_image","twitter_misc":{"Written by":"elyxir","Est. reading time":"1 minute"},"schema":{"@context":"https:\/\/schema.org","@graph":[{"@type":"Article","@id":"https:\/\/lamoderna.edu.ec\/la-moderna-dona-articulos-a-afectados-por-lluvias-en-ecuador\/#article","isPartOf":{"@id":"https:\/\/lamoderna.edu.ec\/la-moderna-dona-articulos-a-afectados-por-lluvias-en-ecuador\/"},"author":{"name":"elyxir","@id":"https:\/\/lamoderna.edu.ec\/#\/schema\/person\/dcb037ac2daad37eb1ef9bf87414fcda"},"headline":"LA MODERNA DON\u00d3 ART\u00cdCULOS Y ALIMENTOS A DAMNIFICADOS POR ESTRAGOS INVERNALES","datePublished":"2022-03-04T17:48:39+00:00","mainEntityOfPage":{"@id":"https:\/\/lamoderna.edu.ec\/la-moderna-dona-articulos-a-afectados-por-lluvias-en-ecuador\/"},"wordCount":193,"commentCount":0,"publisher":{"@id":"https:\/\/lamoderna.edu.ec\/#organization"},"image":{"@id":"https:\/\/lamoderna.edu.ec\/la-moderna-dona-articulos-a-afectados-por-lluvias-en-ecuador\/#primaryimage"},"thumbnailUrl":"https:\/\/lamoderna.edu.ec\/wp-content\/uploads\/2022\/03\/IMG_9370-scaled-e1646415964574.jpg","articleSection":["Sin categor\u00eda"],"inLanguage":"en-US","potentialAction":[{"@type":"CommentAction","name":"Comment","target":["https:\/\/lamoderna.edu.ec\/la-moderna-dona-articulos-a-afectados-por-lluvias-en-ecuador\/#respond"]}]},{"@type":"WebPage","@id":"https:\/\/lamoderna.edu.ec\/la-moderna-dona-articulos-a-afectados-por-lluvias-en-ecuador\/","url":"https:\/\/lamoderna.edu.ec\/la-moderna-dona-articulos-a-afectados-por-lluvias-en-ecuador\/","name":"LA MODERNA DON\u00d3 ART\u00cdCULOS Y ALIMENTOS A DAMNIFICADOS POR ESTRAGOS INVERNALES - La Moderna","isPartOf":{"@id":"https:\/\/lamoderna.edu.ec\/#website"},"primaryImageOfPage":{"@id":"https:\/\/lamoderna.edu.ec\/la-moderna-dona-articulos-a-afectados-por-lluvias-en-ecuador\/#primaryimage"},"image":{"@id":"https:\/\/lamoderna.edu.ec\/la-moderna-dona-articulos-a-afectados-por-lluvias-en-ecuador\/#primaryimage"},"thumbnailUrl":"https:\/\/lamoderna.edu.ec\/wp-content\/uploads\/2022\/03\/IMG_9370-scaled-e1646415964574.jpg","datePublished":"2022-03-04T17:48:39+00:00","breadcrumb":{"@id":"https:\/\/lamoderna.edu.ec\/la-moderna-dona-articulos-a-afectados-por-lluvias-en-ecuador\/#breadcrumb"},"inLanguage":"en-US","potentialAction":[{"@type":"ReadAction","target":["https:\/\/lamoderna.edu.ec\/la-moderna-dona-articulos-a-afectados-por-lluvias-en-ecuador\/"]}]},{"@type":"ImageObject","inLanguage":"en-US","@id":"https:\/\/lamoderna.edu.ec\/la-moderna-dona-articulos-a-afectados-por-lluvias-en-ecuador\/#primaryimage","url":"https:\/\/lamoderna.edu.ec\/wp-content\/uploads\/2022\/03\/IMG_9370-scaled-e1646415964574.jpg","contentUrl":"https:\/\/lamoderna.edu.ec\/wp-content\/uploads\/2022\/03\/IMG_9370-scaled-e1646415964574.jpg","width":2554,"height":1433},{"@type":"BreadcrumbList","@id":"https:\/\/lamoderna.edu.ec\/la-moderna-dona-articulos-a-afectados-por-lluvias-en-ecuador\/#breadcrumb","itemListElement":[{"@type":"ListItem","position":1,"name":"Inicio","item":"https:\/\/lamoderna.edu.ec\/"},{"@type":"ListItem","position":2,"name":"LA MODERNA DON\u00d3 ART\u00cdCULOS Y ALIMENTOS A DAMNIFICADOS POR ESTRAGOS INVERNALES"}]},{"@type":"WebSite","@id":"https:\/\/lamoderna.edu.ec\/#website","url":"https:\/\/lamoderna.edu.ec\/","name":"Colegio La Moderna","description":"Unidad Educativa Particular Biling\u00fce","publisher":{"@id":"https:\/\/lamoderna.edu.ec\/#organization"},"alternateName":"Colegio LMO","potentialAction":[{"@type":"SearchAction","target":{"@type":"EntryPoint","urlTemplate":"https:\/\/lamoderna.edu.ec\/?s={search_term_string}"},"query-input":{"@type":"PropertyValueSpecification","valueRequired":true,"valueName":"search_term_string"}}],"inLanguage":"en-US"},{"@type":"Organization","@id":"https:\/\/lamoderna.edu.ec\/#organization","name":"Colegio La Moderna","alternateName":"Colegio LMO","url":"https:\/\/lamoderna.edu.ec\/","logo":{"@type":"ImageObject","inLanguage":"en-US","@id":"https:\/\/lamoderna.edu.ec\/#\/schema\/logo\/image\/","url":"https:\/\/lamoderna.edu.ec\/wp-content\/uploads\/2024\/08\/icono.png","contentUrl":"https:\/\/lamoderna.edu.ec\/wp-content\/uploads\/2024\/08\/icono.png","width":103,"height":102,"caption":"Colegio La Moderna"},"image":{"@id":"https:\/\/lamoderna.edu.ec\/#\/schema\/logo\/image\/"},"sameAs":["https:\/\/www.facebook.com\/lamodernaEC\/","https:\/\/www.instagram.com\/lamoderna_ec\/#"]},{"@type":"Person","@id":"https:\/\/lamoderna.edu.ec\/#\/schema\/person\/dcb037ac2daad37eb1ef9bf87414fcda","name":"elyxir","image":{"@type":"ImageObject","inLanguage":"en-US","@id":"https:\/\/secure.gravatar.com\/avatar\/76e29e7f71b7ce993618bb4160e20751e0b1fb916573c8111c1bf5a78d422bdb?s=96&d=mm&r=g","url":"https:\/\/secure.gravatar.com\/avatar\/76e29e7f71b7ce993618bb4160e20751e0b1fb916573c8111c1bf5a78d422bdb?s=96&d=mm&r=g","contentUrl":"https:\/\/secure.gravatar.com\/avatar\/76e29e7f71b7ce993618bb4160e20751e0b1fb916573c8111c1bf5a78d422bdb?s=96&d=mm&r=g","caption":"elyxir"},"sameAs":["http:\/\/elyxirdigital.com.mx"],"url":"https:\/\/lamoderna.edu.ec\/en\/author\/elyxir\/"}]}},"_links":{"self":[{"href":"https:\/\/lamoderna.edu.ec\/en\/wp-json\/wp\/v2\/posts\/5254","targetHints":{"allow":["GET"]}}],"collection":[{"href":"https:\/\/lamoderna.edu.ec\/en\/wp-json\/wp\/v2\/posts"}],"about":[{"href":"https:\/\/lamoderna.edu.ec\/en\/wp-json\/wp\/v2\/types\/post"}],"author":[{"embeddable":true,"href":"https:\/\/lamoderna.edu.ec\/en\/wp-json\/wp\/v2\/users\/2"}],"replies":[{"embeddable":true,"href":"https:\/\/lamoderna.edu.ec\/en\/wp-json\/wp\/v2\/comments?post=5254"}],"version-history":[{"count":0,"href":"https:\/\/lamoderna.edu.ec\/en\/wp-json\/wp\/v2\/posts\/5254\/revisions"}],"wp:featuredmedia":[{"embeddable":true,"href":"https:\/\/lamoderna.edu.ec\/en\/wp-json\/wp\/v2\/media\/5265"}],"wp:attachment":[{"href":"https:\/\/lamoderna.edu.ec\/en\/wp-json\/wp\/v2\/media?parent=5254"}],"wp:term":[{"taxonomy":"category","embeddable":true,"href":"https:\/\/lamoderna.edu.ec\/en\/wp-json\/wp\/v2\/categories?post=5254"},{"taxonomy":"post_tag","embeddable":true,"href":"https:\/\/lamoderna.edu.ec\/en\/wp-json\/wp\/v2\/tags?post=5254"}],"curies":[{"name":"wp","href":"https:\/\/api.w.org\/{rel}","templated":true}]}}