{"id":3279,"date":"2021-02-25T13:58:21","date_gmt":"2021-02-25T13:58:21","guid":{"rendered":"https:\/\/lamoderna.edu.ec\/?p=3279"},"modified":"2021-02-25T13:58:21","modified_gmt":"2021-02-25T13:58:21","slug":"graduacion-prom-xxxiii","status":"publish","type":"post","link":"https:\/\/lamoderna.edu.ec\/en\/graduacion-prom-xxxiii\/","title":{"rendered":"GRADUACI\u00d3N PROM XXXIII"},"content":{"rendered":"<p>La Moderna Unidad Educativa Internacional realiz\u00f3 el pasado martes 23 de febrero, la ceremonia de incorporaci\u00f3n de su PROM XXXIII mediante peque\u00f1os y emotivos actos solemnes ejecutados de manera continua en el Sal\u00f3n Regente 1 y 2 de la Universidad Esp\u00edritu Santo.<\/p>\n\n\n\n<p>Los estudiantes se mostraron emocionados al recibir su investidura y certificaci\u00f3n de culminaci\u00f3n del ciclo escolar por parte de los directivos.&nbsp; En cada ceremonia, se mantuvo la tradici\u00f3n de lanzamiento de birretes junto a los discursos de estudiantes destacados y entrega de menciones honor\u00edficas en el \u00e1rea de Arte, M\u00fasica, Bilingual Diploma, IB Bilingual Diploma, Atletismo, entre otros.<\/p>\n\n\n\n<p>La dignidad de \u201cMejor Bachiller\u201d recay\u00f3 sobre Mar\u00eda Paula Racines, quien recibi\u00f3 su medalla, certificaciones y becas otorgadas debido a su excelencia acad\u00e9mica. El evento se llev\u00f3 a cabo bajo un estricto protocolo de seguridad en los que se inclu\u00eda el control de aforo, desinfecci\u00f3n tanto de los invitados durante su ingreso como de la locaci\u00f3n, ubicaci\u00f3n de graduados e invitados bajo el distanciamiento establecido, entre otras medidas de seguridad establecidas para precautelar el bienestar de cada una de las familias.<\/p>\n\n\n\n<figure class=\"wp-block-image size-large\"><img fetchpriority=\"high\" decoding=\"async\" width=\"1024\" height=\"683\" src=\"https:\/\/lamoderna.edu.ec\/wp-content\/uploads\/2021\/02\/sitio-web6-1024x683.jpg\" alt=\"\" class=\"wp-image-3281\" srcset=\"https:\/\/lamoderna.edu.ec\/wp-content\/uploads\/2021\/02\/sitio-web6-1024x683.jpg 1024w, https:\/\/lamoderna.edu.ec\/wp-content\/uploads\/2021\/02\/sitio-web6-300x200.jpg 300w, https:\/\/lamoderna.edu.ec\/wp-content\/uploads\/2021\/02\/sitio-web6-768x512.jpg 768w, https:\/\/lamoderna.edu.ec\/wp-content\/uploads\/2021\/02\/sitio-web6.jpg 1200w\" sizes=\"(max-width: 1024px) 100vw, 1024px\" \/><\/figure>\n\n\n\n<figure class=\"wp-block-image size-large\"><img decoding=\"async\" width=\"1024\" height=\"683\" src=\"https:\/\/lamoderna.edu.ec\/wp-content\/uploads\/2021\/02\/sitio-web8-1024x683.jpg\" alt=\"\" class=\"wp-image-3283\" srcset=\"https:\/\/lamoderna.edu.ec\/wp-content\/uploads\/2021\/02\/sitio-web8-1024x683.jpg 1024w, https:\/\/lamoderna.edu.ec\/wp-content\/uploads\/2021\/02\/sitio-web8-300x200.jpg 300w, https:\/\/lamoderna.edu.ec\/wp-content\/uploads\/2021\/02\/sitio-web8-768x512.jpg 768w, https:\/\/lamoderna.edu.ec\/wp-content\/uploads\/2021\/02\/sitio-web8.jpg 1200w\" sizes=\"(max-width: 1024px) 100vw, 1024px\" \/><\/figure>\n\n\n\n<figure class=\"wp-block-image size-large\"><img decoding=\"async\" width=\"1024\" height=\"683\" src=\"https:\/\/lamoderna.edu.ec\/wp-content\/uploads\/2021\/02\/sitio-web4-1024x683.jpg\" alt=\"\" class=\"wp-image-3284\" srcset=\"https:\/\/lamoderna.edu.ec\/wp-content\/uploads\/2021\/02\/sitio-web4-1024x683.jpg 1024w, https:\/\/lamoderna.edu.ec\/wp-content\/uploads\/2021\/02\/sitio-web4-300x200.jpg 300w, https:\/\/lamoderna.edu.ec\/wp-content\/uploads\/2021\/02\/sitio-web4-768x512.jpg 768w, https:\/\/lamoderna.edu.ec\/wp-content\/uploads\/2021\/02\/sitio-web4.jpg 1200w\" sizes=\"(max-width: 1024px) 100vw, 1024px\" \/><\/figure>\n\n\n\n\n\n<figure class=\"wp-block-embed-youtube wp-block-embed is-type-video is-provider-youtube wp-embed-aspect-16-9 wp-has-aspect-ratio\"><div class=\"wp-block-embed__wrapper\">\n<iframe title=\"Prom XXXIII - La Moderna\" width=\"640\" height=\"360\" src=\"https:\/\/www.youtube.com\/embed\/oOt4RCqPNyc?feature=oembed\" frameborder=\"0\" allow=\"accelerometer; autoplay; clipboard-write; encrypted-media; gyroscope; picture-in-picture; web-share\" referrerpolicy=\"strict-origin-when-cross-origin\" allowfullscreen><\/iframe>\n<\/div><figcaption>Prom XXXIII\u00a0<\/figcaption><\/figure>","protected":false},"excerpt":{"rendered":"<p>La Moderna Unidad Educativa Internacional realiz\u00f3 el pasado martes 23 de febrero, la ceremonia de incorporaci\u00f3n de su PROM XXXIII mediante peque\u00f1os y emotivos actos solemnes ejecutados de manera continua en el Sal\u00f3n Regente 1 y 2 de la Universidad Esp\u00edritu Santo. Los estudiantes se mostraron emocionados al recibir su investidura y certificaci\u00f3n de culminaci\u00f3n [&hellip;]<\/p>\n","protected":false},"author":2,"featured_media":3293,"comment_status":"open","ping_status":"open","sticky":false,"template":"","format":"standard","meta":{"footnotes":""},"categories":[104],"tags":[98,96,99,100,101,43,102,103],"class_list":["post-3279","post","type-post","status-publish","format-standard","has-post-thumbnail","hentry","category-sin-categoria","tag-bioseguridad","tag-graduacion","tag-graduacion2021","tag-incorporacion","tag-investidura","tag-lamoderna","tag-promxxxiii","tag-protocolo"],"yoast_head":"<!-- This site is optimized with the Yoast SEO plugin v27.5 - https:\/\/yoast.com\/product\/yoast-seo-wordpress\/ -->\n<title>GRADUACI\u00d3N PROM XXXIII - La Moderna<\/title>\n<meta name=\"robots\" content=\"index, follow, max-snippet:-1, max-image-preview:large, max-video-preview:-1\" \/>\n<link rel=\"canonical\" href=\"https:\/\/lamoderna.edu.ec\/en\/graduacion-prom-xxxiii\/\" \/>\n<meta property=\"og:locale\" content=\"en_US\" \/>\n<meta property=\"og:type\" content=\"article\" \/>\n<meta property=\"og:title\" content=\"GRADUACI\u00d3N PROM XXXIII - La Moderna\" \/>\n<meta property=\"og:description\" content=\"La Moderna Unidad Educativa Internacional realiz\u00f3 el pasado martes 23 de febrero, la ceremonia de incorporaci\u00f3n de su PROM XXXIII mediante peque\u00f1os y emotivos actos solemnes ejecutados de manera continua en el Sal\u00f3n Regente 1 y 2 de la Universidad Esp\u00edritu Santo. Los estudiantes se mostraron emocionados al recibir su investidura y certificaci\u00f3n de culminaci\u00f3n [&hellip;]\" \/>\n<meta property=\"og:url\" content=\"https:\/\/lamoderna.edu.ec\/en\/graduacion-prom-xxxiii\/\" \/>\n<meta property=\"og:site_name\" content=\"La Moderna\" \/>\n<meta property=\"article:publisher\" content=\"https:\/\/www.facebook.com\/lamodernaEC\/\" \/>\n<meta property=\"article:published_time\" content=\"2021-02-25T13:58:21+00:00\" \/>\n<meta property=\"og:image\" content=\"https:\/\/lamoderna.edu.ec\/wp-content\/uploads\/2021\/02\/sitio-web7-1024x683-1.jpg\" \/>\n\t<meta property=\"og:image:width\" content=\"1024\" \/>\n\t<meta property=\"og:image:height\" content=\"683\" \/>\n\t<meta property=\"og:image:type\" content=\"image\/jpeg\" \/>\n<meta name=\"author\" content=\"elyxir\" \/>\n<meta name=\"twitter:card\" content=\"summary_large_image\" \/>\n<meta name=\"twitter:label1\" content=\"Written by\" \/>\n\t<meta name=\"twitter:data1\" content=\"elyxir\" \/>\n\t<meta name=\"twitter:label2\" content=\"Est. reading time\" \/>\n\t<meta name=\"twitter:data2\" content=\"1 minute\" \/>\n<script type=\"application\/ld+json\" class=\"yoast-schema-graph\">{\"@context\":\"https:\\\/\\\/schema.org\",\"@graph\":[{\"@type\":\"Article\",\"@id\":\"https:\\\/\\\/lamoderna.edu.ec\\\/graduacion-prom-xxxiii\\\/#article\",\"isPartOf\":{\"@id\":\"https:\\\/\\\/lamoderna.edu.ec\\\/graduacion-prom-xxxiii\\\/\"},\"author\":{\"name\":\"elyxir\",\"@id\":\"https:\\\/\\\/lamoderna.edu.ec\\\/#\\\/schema\\\/person\\\/dcb037ac2daad37eb1ef9bf87414fcda\"},\"headline\":\"GRADUACI\u00d3N PROM XXXIII\",\"datePublished\":\"2021-02-25T13:58:21+00:00\",\"mainEntityOfPage\":{\"@id\":\"https:\\\/\\\/lamoderna.edu.ec\\\/graduacion-prom-xxxiii\\\/\"},\"wordCount\":205,\"commentCount\":0,\"publisher\":{\"@id\":\"https:\\\/\\\/lamoderna.edu.ec\\\/#organization\"},\"image\":{\"@id\":\"https:\\\/\\\/lamoderna.edu.ec\\\/graduacion-prom-xxxiii\\\/#primaryimage\"},\"thumbnailUrl\":\"https:\\\/\\\/lamoderna.edu.ec\\\/wp-content\\\/uploads\\\/2021\\\/02\\\/sitio-web7-1024x683-1.jpg\",\"keywords\":[\"bioseguridad\",\"graduacion\",\"graduacion2021\",\"incorporacion\",\"investidura\",\"lamoderna\",\"promxxxiii\",\"protocolo\"],\"articleSection\":[\"Sin categor\u00eda\"],\"inLanguage\":\"en-US\",\"potentialAction\":[{\"@type\":\"CommentAction\",\"name\":\"Comment\",\"target\":[\"https:\\\/\\\/lamoderna.edu.ec\\\/graduacion-prom-xxxiii\\\/#respond\"]}]},{\"@type\":\"WebPage\",\"@id\":\"https:\\\/\\\/lamoderna.edu.ec\\\/graduacion-prom-xxxiii\\\/\",\"url\":\"https:\\\/\\\/lamoderna.edu.ec\\\/graduacion-prom-xxxiii\\\/\",\"name\":\"GRADUACI\u00d3N PROM XXXIII - La Moderna\",\"isPartOf\":{\"@id\":\"https:\\\/\\\/lamoderna.edu.ec\\\/#website\"},\"primaryImageOfPage\":{\"@id\":\"https:\\\/\\\/lamoderna.edu.ec\\\/graduacion-prom-xxxiii\\\/#primaryimage\"},\"image\":{\"@id\":\"https:\\\/\\\/lamoderna.edu.ec\\\/graduacion-prom-xxxiii\\\/#primaryimage\"},\"thumbnailUrl\":\"https:\\\/\\\/lamoderna.edu.ec\\\/wp-content\\\/uploads\\\/2021\\\/02\\\/sitio-web7-1024x683-1.jpg\",\"datePublished\":\"2021-02-25T13:58:21+00:00\",\"breadcrumb\":{\"@id\":\"https:\\\/\\\/lamoderna.edu.ec\\\/graduacion-prom-xxxiii\\\/#breadcrumb\"},\"inLanguage\":\"en-US\",\"potentialAction\":[{\"@type\":\"ReadAction\",\"target\":[\"https:\\\/\\\/lamoderna.edu.ec\\\/graduacion-prom-xxxiii\\\/\"]}]},{\"@type\":\"ImageObject\",\"inLanguage\":\"en-US\",\"@id\":\"https:\\\/\\\/lamoderna.edu.ec\\\/graduacion-prom-xxxiii\\\/#primaryimage\",\"url\":\"https:\\\/\\\/lamoderna.edu.ec\\\/wp-content\\\/uploads\\\/2021\\\/02\\\/sitio-web7-1024x683-1.jpg\",\"contentUrl\":\"https:\\\/\\\/lamoderna.edu.ec\\\/wp-content\\\/uploads\\\/2021\\\/02\\\/sitio-web7-1024x683-1.jpg\",\"width\":1024,\"height\":683,\"caption\":\"Mejor Bachiller\"},{\"@type\":\"BreadcrumbList\",\"@id\":\"https:\\\/\\\/lamoderna.edu.ec\\\/graduacion-prom-xxxiii\\\/#breadcrumb\",\"itemListElement\":[{\"@type\":\"ListItem\",\"position\":1,\"name\":\"Inicio\",\"item\":\"https:\\\/\\\/lamoderna.edu.ec\\\/\"},{\"@type\":\"ListItem\",\"position\":2,\"name\":\"GRADUACI\u00d3N PROM XXXIII\"}]},{\"@type\":\"WebSite\",\"@id\":\"https:\\\/\\\/lamoderna.edu.ec\\\/#website\",\"url\":\"https:\\\/\\\/lamoderna.edu.ec\\\/\",\"name\":\"Colegio La Moderna\",\"description\":\"Unidad Educativa Particular Biling\u00fce\",\"publisher\":{\"@id\":\"https:\\\/\\\/lamoderna.edu.ec\\\/#organization\"},\"alternateName\":\"Colegio LMO\",\"potentialAction\":[{\"@type\":\"SearchAction\",\"target\":{\"@type\":\"EntryPoint\",\"urlTemplate\":\"https:\\\/\\\/lamoderna.edu.ec\\\/?s={search_term_string}\"},\"query-input\":{\"@type\":\"PropertyValueSpecification\",\"valueRequired\":true,\"valueName\":\"search_term_string\"}}],\"inLanguage\":\"en-US\"},{\"@type\":\"Organization\",\"@id\":\"https:\\\/\\\/lamoderna.edu.ec\\\/#organization\",\"name\":\"Colegio La Moderna\",\"alternateName\":\"Colegio LMO\",\"url\":\"https:\\\/\\\/lamoderna.edu.ec\\\/\",\"logo\":{\"@type\":\"ImageObject\",\"inLanguage\":\"en-US\",\"@id\":\"https:\\\/\\\/lamoderna.edu.ec\\\/#\\\/schema\\\/logo\\\/image\\\/\",\"url\":\"https:\\\/\\\/lamoderna.edu.ec\\\/wp-content\\\/uploads\\\/2024\\\/08\\\/icono.png\",\"contentUrl\":\"https:\\\/\\\/lamoderna.edu.ec\\\/wp-content\\\/uploads\\\/2024\\\/08\\\/icono.png\",\"width\":103,\"height\":102,\"caption\":\"Colegio La Moderna\"},\"image\":{\"@id\":\"https:\\\/\\\/lamoderna.edu.ec\\\/#\\\/schema\\\/logo\\\/image\\\/\"},\"sameAs\":[\"https:\\\/\\\/www.facebook.com\\\/lamodernaEC\\\/\",\"https:\\\/\\\/www.instagram.com\\\/lamoderna_ec\\\/#\"]},{\"@type\":\"Person\",\"@id\":\"https:\\\/\\\/lamoderna.edu.ec\\\/#\\\/schema\\\/person\\\/dcb037ac2daad37eb1ef9bf87414fcda\",\"name\":\"elyxir\",\"image\":{\"@type\":\"ImageObject\",\"inLanguage\":\"en-US\",\"@id\":\"https:\\\/\\\/secure.gravatar.com\\\/avatar\\\/76e29e7f71b7ce993618bb4160e20751e0b1fb916573c8111c1bf5a78d422bdb?s=96&d=mm&r=g\",\"url\":\"https:\\\/\\\/secure.gravatar.com\\\/avatar\\\/76e29e7f71b7ce993618bb4160e20751e0b1fb916573c8111c1bf5a78d422bdb?s=96&d=mm&r=g\",\"contentUrl\":\"https:\\\/\\\/secure.gravatar.com\\\/avatar\\\/76e29e7f71b7ce993618bb4160e20751e0b1fb916573c8111c1bf5a78d422bdb?s=96&d=mm&r=g\",\"caption\":\"elyxir\"},\"sameAs\":[\"http:\\\/\\\/elyxirdigital.com.mx\"],\"url\":\"https:\\\/\\\/lamoderna.edu.ec\\\/en\\\/author\\\/elyxir\\\/\"}]}<\/script>\n<!-- \/ Yoast SEO plugin. -->","yoast_head_json":{"title":"GRADUACI\u00d3N PROM XXXIII - La Moderna","robots":{"index":"index","follow":"follow","max-snippet":"max-snippet:-1","max-image-preview":"max-image-preview:large","max-video-preview":"max-video-preview:-1"},"canonical":"https:\/\/lamoderna.edu.ec\/en\/graduacion-prom-xxxiii\/","og_locale":"en_US","og_type":"article","og_title":"GRADUACI\u00d3N PROM XXXIII - La Moderna","og_description":"La Moderna Unidad Educativa Internacional realiz\u00f3 el pasado martes 23 de febrero, la ceremonia de incorporaci\u00f3n de su PROM XXXIII mediante peque\u00f1os y emotivos actos solemnes ejecutados de manera continua en el Sal\u00f3n Regente 1 y 2 de la Universidad Esp\u00edritu Santo. Los estudiantes se mostraron emocionados al recibir su investidura y certificaci\u00f3n de culminaci\u00f3n [&hellip;]","og_url":"https:\/\/lamoderna.edu.ec\/en\/graduacion-prom-xxxiii\/","og_site_name":"La Moderna","article_publisher":"https:\/\/www.facebook.com\/lamodernaEC\/","article_published_time":"2021-02-25T13:58:21+00:00","og_image":[{"width":1024,"height":683,"url":"https:\/\/lamoderna.edu.ec\/wp-content\/uploads\/2021\/02\/sitio-web7-1024x683-1.jpg","type":"image\/jpeg"}],"author":"elyxir","twitter_card":"summary_large_image","twitter_misc":{"Written by":"elyxir","Est. reading time":"1 minute"},"schema":{"@context":"https:\/\/schema.org","@graph":[{"@type":"Article","@id":"https:\/\/lamoderna.edu.ec\/graduacion-prom-xxxiii\/#article","isPartOf":{"@id":"https:\/\/lamoderna.edu.ec\/graduacion-prom-xxxiii\/"},"author":{"name":"elyxir","@id":"https:\/\/lamoderna.edu.ec\/#\/schema\/person\/dcb037ac2daad37eb1ef9bf87414fcda"},"headline":"GRADUACI\u00d3N PROM XXXIII","datePublished":"2021-02-25T13:58:21+00:00","mainEntityOfPage":{"@id":"https:\/\/lamoderna.edu.ec\/graduacion-prom-xxxiii\/"},"wordCount":205,"commentCount":0,"publisher":{"@id":"https:\/\/lamoderna.edu.ec\/#organization"},"image":{"@id":"https:\/\/lamoderna.edu.ec\/graduacion-prom-xxxiii\/#primaryimage"},"thumbnailUrl":"https:\/\/lamoderna.edu.ec\/wp-content\/uploads\/2021\/02\/sitio-web7-1024x683-1.jpg","keywords":["bioseguridad","graduacion","graduacion2021","incorporacion","investidura","lamoderna","promxxxiii","protocolo"],"articleSection":["Sin categor\u00eda"],"inLanguage":"en-US","potentialAction":[{"@type":"CommentAction","name":"Comment","target":["https:\/\/lamoderna.edu.ec\/graduacion-prom-xxxiii\/#respond"]}]},{"@type":"WebPage","@id":"https:\/\/lamoderna.edu.ec\/graduacion-prom-xxxiii\/","url":"https:\/\/lamoderna.edu.ec\/graduacion-prom-xxxiii\/","name":"GRADUACI\u00d3N PROM XXXIII - La Moderna","isPartOf":{"@id":"https:\/\/lamoderna.edu.ec\/#website"},"primaryImageOfPage":{"@id":"https:\/\/lamoderna.edu.ec\/graduacion-prom-xxxiii\/#primaryimage"},"image":{"@id":"https:\/\/lamoderna.edu.ec\/graduacion-prom-xxxiii\/#primaryimage"},"thumbnailUrl":"https:\/\/lamoderna.edu.ec\/wp-content\/uploads\/2021\/02\/sitio-web7-1024x683-1.jpg","datePublished":"2021-02-25T13:58:21+00:00","breadcrumb":{"@id":"https:\/\/lamoderna.edu.ec\/graduacion-prom-xxxiii\/#breadcrumb"},"inLanguage":"en-US","potentialAction":[{"@type":"ReadAction","target":["https:\/\/lamoderna.edu.ec\/graduacion-prom-xxxiii\/"]}]},{"@type":"ImageObject","inLanguage":"en-US","@id":"https:\/\/lamoderna.edu.ec\/graduacion-prom-xxxiii\/#primaryimage","url":"https:\/\/lamoderna.edu.ec\/wp-content\/uploads\/2021\/02\/sitio-web7-1024x683-1.jpg","contentUrl":"https:\/\/lamoderna.edu.ec\/wp-content\/uploads\/2021\/02\/sitio-web7-1024x683-1.jpg","width":1024,"height":683,"caption":"Mejor Bachiller"},{"@type":"BreadcrumbList","@id":"https:\/\/lamoderna.edu.ec\/graduacion-prom-xxxiii\/#breadcrumb","itemListElement":[{"@type":"ListItem","position":1,"name":"Inicio","item":"https:\/\/lamoderna.edu.ec\/"},{"@type":"ListItem","position":2,"name":"GRADUACI\u00d3N PROM XXXIII"}]},{"@type":"WebSite","@id":"https:\/\/lamoderna.edu.ec\/#website","url":"https:\/\/lamoderna.edu.ec\/","name":"Colegio La Moderna","description":"Unidad Educativa Particular Biling\u00fce","publisher":{"@id":"https:\/\/lamoderna.edu.ec\/#organization"},"alternateName":"Colegio LMO","potentialAction":[{"@type":"SearchAction","target":{"@type":"EntryPoint","urlTemplate":"https:\/\/lamoderna.edu.ec\/?s={search_term_string}"},"query-input":{"@type":"PropertyValueSpecification","valueRequired":true,"valueName":"search_term_string"}}],"inLanguage":"en-US"},{"@type":"Organization","@id":"https:\/\/lamoderna.edu.ec\/#organization","name":"Colegio La Moderna","alternateName":"Colegio LMO","url":"https:\/\/lamoderna.edu.ec\/","logo":{"@type":"ImageObject","inLanguage":"en-US","@id":"https:\/\/lamoderna.edu.ec\/#\/schema\/logo\/image\/","url":"https:\/\/lamoderna.edu.ec\/wp-content\/uploads\/2024\/08\/icono.png","contentUrl":"https:\/\/lamoderna.edu.ec\/wp-content\/uploads\/2024\/08\/icono.png","width":103,"height":102,"caption":"Colegio La Moderna"},"image":{"@id":"https:\/\/lamoderna.edu.ec\/#\/schema\/logo\/image\/"},"sameAs":["https:\/\/www.facebook.com\/lamodernaEC\/","https:\/\/www.instagram.com\/lamoderna_ec\/#"]},{"@type":"Person","@id":"https:\/\/lamoderna.edu.ec\/#\/schema\/person\/dcb037ac2daad37eb1ef9bf87414fcda","name":"elyxir","image":{"@type":"ImageObject","inLanguage":"en-US","@id":"https:\/\/secure.gravatar.com\/avatar\/76e29e7f71b7ce993618bb4160e20751e0b1fb916573c8111c1bf5a78d422bdb?s=96&d=mm&r=g","url":"https:\/\/secure.gravatar.com\/avatar\/76e29e7f71b7ce993618bb4160e20751e0b1fb916573c8111c1bf5a78d422bdb?s=96&d=mm&r=g","contentUrl":"https:\/\/secure.gravatar.com\/avatar\/76e29e7f71b7ce993618bb4160e20751e0b1fb916573c8111c1bf5a78d422bdb?s=96&d=mm&r=g","caption":"elyxir"},"sameAs":["http:\/\/elyxirdigital.com.mx"],"url":"https:\/\/lamoderna.edu.ec\/en\/author\/elyxir\/"}]}},"_links":{"self":[{"href":"https:\/\/lamoderna.edu.ec\/en\/wp-json\/wp\/v2\/posts\/3279","targetHints":{"allow":["GET"]}}],"collection":[{"href":"https:\/\/lamoderna.edu.ec\/en\/wp-json\/wp\/v2\/posts"}],"about":[{"href":"https:\/\/lamoderna.edu.ec\/en\/wp-json\/wp\/v2\/types\/post"}],"author":[{"embeddable":true,"href":"https:\/\/lamoderna.edu.ec\/en\/wp-json\/wp\/v2\/users\/2"}],"replies":[{"embeddable":true,"href":"https:\/\/lamoderna.edu.ec\/en\/wp-json\/wp\/v2\/comments?post=3279"}],"version-history":[{"count":0,"href":"https:\/\/lamoderna.edu.ec\/en\/wp-json\/wp\/v2\/posts\/3279\/revisions"}],"wp:featuredmedia":[{"embeddable":true,"href":"https:\/\/lamoderna.edu.ec\/en\/wp-json\/wp\/v2\/media\/3293"}],"wp:attachment":[{"href":"https:\/\/lamoderna.edu.ec\/en\/wp-json\/wp\/v2\/media?parent=3279"}],"wp:term":[{"taxonomy":"category","embeddable":true,"href":"https:\/\/lamoderna.edu.ec\/en\/wp-json\/wp\/v2\/categories?post=3279"},{"taxonomy":"post_tag","embeddable":true,"href":"https:\/\/lamoderna.edu.ec\/en\/wp-json\/wp\/v2\/tags?post=3279"}],"curies":[{"name":"wp","href":"https:\/\/api.w.org\/{rel}","templated":true}]}}