{"id":2348,"date":"2018-08-17T17:41:00","date_gmt":"2018-08-17T17:41:00","guid":{"rendered":"https:\/\/lamoderna.edu.ec\/?p=2348"},"modified":"2024-07-09T15:55:57","modified_gmt":"2024-07-09T20:55:57","slug":"i-intercolegial-de-electronica","status":"publish","type":"post","link":"https:\/\/lamoderna.edu.ec\/en\/i-intercolegial-de-electronica\/","title":{"rendered":"I Intercolegial de Electr\u00f3nica"},"content":{"rendered":"<div data-elementor-type=\"wp-post\" data-elementor-id=\"2348\" class=\"elementor elementor-2348\" data-elementor-post-type=\"post\">\n\t\t\t\t\t\t<section class=\"elementor-section elementor-top-section elementor-element elementor-element-9877d95 elementor-section-stretched elementor-section-boxed elementor-section-height-default elementor-section-height-default\" data-id=\"9877d95\" data-element_type=\"section\" data-e-type=\"section\" data-settings=\"{&quot;stretch_section&quot;:&quot;section-stretched&quot;}\">\n\t\t\t\t\t\t<div class=\"elementor-container elementor-column-gap-default\">\n\t\t\t\t\t<div class=\"elementor-column elementor-col-100 elementor-top-column elementor-element elementor-element-097766b\" data-id=\"097766b\" data-element_type=\"column\" data-e-type=\"column\">\n\t\t\t<div class=\"elementor-widget-wrap elementor-element-populated\">\n\t\t\t\t\t\t<div class=\"elementor-element elementor-element-a36d7aa elementor-widget elementor-widget-spacer\" data-id=\"a36d7aa\" data-element_type=\"widget\" data-e-type=\"widget\" data-widget_type=\"spacer.default\">\n\t\t\t\t<div class=\"elementor-widget-container\">\n\t\t\t\t\t\t\t<div class=\"elementor-spacer\">\n\t\t\t<div class=\"elementor-spacer-inner\"><\/div>\n\t\t<\/div>\n\t\t\t\t\t\t<\/div>\n\t\t\t\t<\/div>\n\t\t\t\t<div class=\"elementor-element elementor-element-0290c74 elementor-widget elementor-widget-image\" data-id=\"0290c74\" data-element_type=\"widget\" data-e-type=\"widget\" data-widget_type=\"image.default\">\n\t\t\t\t<div class=\"elementor-widget-container\">\n\t\t\t\t\t\t\t\t\t\t\t\t\t\t\t<img fetchpriority=\"high\" decoding=\"async\" width=\"640\" height=\"443\" src=\"https:\/\/lamoderna.edu.ec\/wp-content\/uploads\/2020\/10\/9-1024x709.jpg\" class=\"attachment-large size-large wp-image-2349\" alt=\"\" srcset=\"https:\/\/lamoderna.edu.ec\/wp-content\/uploads\/2020\/10\/9-1024x709.jpg 1024w, https:\/\/lamoderna.edu.ec\/wp-content\/uploads\/2020\/10\/9-300x208.jpg 300w, https:\/\/lamoderna.edu.ec\/wp-content\/uploads\/2020\/10\/9-768x532.jpg 768w, https:\/\/lamoderna.edu.ec\/wp-content\/uploads\/2020\/10\/9.jpg 1374w\" sizes=\"(max-width: 640px) 100vw, 640px\" \/>\t\t\t\t\t\t\t\t\t\t\t\t\t\t\t<\/div>\n\t\t\t\t<\/div>\n\t\t\t\t<div class=\"elementor-element elementor-element-0346ed4 elementor-widget elementor-widget-text-editor\" data-id=\"0346ed4\" data-element_type=\"widget\" data-e-type=\"widget\" data-widget_type=\"text-editor.default\">\n\t\t\t\t<div class=\"elementor-widget-container\">\n\t\t\t\t\t\t\t\t\t<p>El mi\u00e9rcoles 15 de agosto se realiz\u00f3 el Primer Intercolegial de Electr\u00f3nica en las instalaciones de la Unidad Educativa Biling\u00fce La Moderna, cont\u00f3 con la participaci\u00f3n de colegios que imparten esta materia a sus estudiantes como Ecomundo, Unidad Educativa Federico Gonz\u00e1lez Su\u00e1rez, Unidad Educativa Especializada El Oro y Academia Naval Almirante Illingworth mientras que el anfitri\u00f3n estuvo solo como expositor. El Intercolegial consisti\u00f3 en dos etapas, la primera fue una ronda de preguntas y la segunda parte consisti\u00f3 en realizar un circuito electr\u00f3nico que funcionar\u00e1. El ganador del Intercolegial fue la Unidad Educativa Gonz\u00e1lez Su\u00e1rez.<\/p><p><img decoding=\"async\" class=\"aligncenter size-full wp-image-2351\" src=\"https:\/\/lamoderna.edu.ec\/wp-content\/uploads\/2018\/08\/10-1024x709-1.jpg\" alt=\"\" width=\"1024\" height=\"709\" srcset=\"https:\/\/lamoderna.edu.ec\/wp-content\/uploads\/2018\/08\/10-1024x709-1.jpg 1024w, https:\/\/lamoderna.edu.ec\/wp-content\/uploads\/2018\/08\/10-1024x709-1-300x208.jpg 300w, https:\/\/lamoderna.edu.ec\/wp-content\/uploads\/2018\/08\/10-1024x709-1-768x532.jpg 768w\" sizes=\"(max-width: 1024px) 100vw, 1024px\" \/> <img decoding=\"async\" class=\"aligncenter size-full wp-image-2352\" src=\"https:\/\/lamoderna.edu.ec\/wp-content\/uploads\/2018\/08\/14-1024x709-1.jpg\" alt=\"\" width=\"1024\" height=\"709\" srcset=\"https:\/\/lamoderna.edu.ec\/wp-content\/uploads\/2018\/08\/14-1024x709-1.jpg 1024w, https:\/\/lamoderna.edu.ec\/wp-content\/uploads\/2018\/08\/14-1024x709-1-300x208.jpg 300w, https:\/\/lamoderna.edu.ec\/wp-content\/uploads\/2018\/08\/14-1024x709-1-768x532.jpg 768w\" sizes=\"(max-width: 1024px) 100vw, 1024px\" \/>El Tecnol\u00f3gico Argos particip\u00f3 tambi\u00e9n como expositor con sus estudiantes de la carrera, Redes y Telecomunicaciones donde presentaron un sensor de movimiento.<\/p>\t\t\t\t\t\t\t\t<\/div>\n\t\t\t\t<\/div>\n\t\t\t\t\t<\/div>\n\t\t<\/div>\n\t\t\t\t\t<\/div>\n\t\t<\/section>\n\t\t\t\t<\/div>","protected":false},"excerpt":{"rendered":"<p>El mi\u00e9rcoles 15 de agosto se realiz\u00f3 el Primer Intercolegial de Electr\u00f3nica en las instalaciones de la Unidad Educativa Biling\u00fce La Moderna, cont\u00f3 con la participaci\u00f3n de colegios que imparten esta materia a sus estudiantes como Ecomundo, Unidad Educativa Federico Gonz\u00e1lez Su\u00e1rez, Unidad Educativa Especializada El Oro y Academia Naval Almirante Illingworth mientras que el [&hellip;]<\/p>\n","protected":false},"author":2,"featured_media":2349,"comment_status":"open","ping_status":"open","sticky":false,"template":"elementor_header_footer","format":"standard","meta":{"footnotes":""},"categories":[13],"tags":[],"class_list":["post-2348","post","type-post","status-publish","format-standard","has-post-thumbnail","hentry","category-noticias"],"yoast_head":"<!-- This site is optimized with the Yoast SEO plugin v27.5 - https:\/\/yoast.com\/product\/yoast-seo-wordpress\/ -->\n<title>I Intercolegial de Electr\u00f3nica - La Moderna<\/title>\n<meta name=\"robots\" content=\"index, follow, max-snippet:-1, max-image-preview:large, max-video-preview:-1\" \/>\n<link rel=\"canonical\" href=\"https:\/\/lamoderna.edu.ec\/en\/i-intercolegial-de-electronica\/\" \/>\n<meta property=\"og:locale\" content=\"en_US\" \/>\n<meta property=\"og:type\" content=\"article\" \/>\n<meta property=\"og:title\" content=\"I Intercolegial de Electr\u00f3nica - La Moderna\" \/>\n<meta property=\"og:description\" content=\"El mi\u00e9rcoles 15 de agosto se realiz\u00f3 el Primer Intercolegial de Electr\u00f3nica en las instalaciones de la Unidad Educativa Biling\u00fce La Moderna, cont\u00f3 con la participaci\u00f3n de colegios que imparten esta materia a sus estudiantes como Ecomundo, Unidad Educativa Federico Gonz\u00e1lez Su\u00e1rez, Unidad Educativa Especializada El Oro y Academia Naval Almirante Illingworth mientras que el [&hellip;]\" \/>\n<meta property=\"og:url\" content=\"https:\/\/lamoderna.edu.ec\/en\/i-intercolegial-de-electronica\/\" \/>\n<meta property=\"og:site_name\" content=\"La Moderna\" \/>\n<meta property=\"article:publisher\" content=\"https:\/\/www.facebook.com\/lamodernaEC\/\" \/>\n<meta property=\"article:published_time\" content=\"2018-08-17T17:41:00+00:00\" \/>\n<meta property=\"article:modified_time\" content=\"2024-07-09T20:55:57+00:00\" \/>\n<meta property=\"og:image\" content=\"https:\/\/lamoderna.edu.ec\/wp-content\/uploads\/2020\/10\/9.jpg\" \/>\n\t<meta property=\"og:image:width\" content=\"1374\" \/>\n\t<meta property=\"og:image:height\" content=\"952\" \/>\n\t<meta property=\"og:image:type\" content=\"image\/jpeg\" \/>\n<meta name=\"author\" content=\"elyxir\" \/>\n<meta name=\"twitter:card\" content=\"summary_large_image\" \/>\n<meta name=\"twitter:label1\" content=\"Written by\" \/>\n\t<meta name=\"twitter:data1\" content=\"elyxir\" \/>\n\t<meta name=\"twitter:label2\" content=\"Est. reading time\" \/>\n\t<meta name=\"twitter:data2\" content=\"2 minutes\" \/>\n<script type=\"application\/ld+json\" class=\"yoast-schema-graph\">{\"@context\":\"https:\\\/\\\/schema.org\",\"@graph\":[{\"@type\":\"Article\",\"@id\":\"https:\\\/\\\/lamoderna.edu.ec\\\/i-intercolegial-de-electronica\\\/#article\",\"isPartOf\":{\"@id\":\"https:\\\/\\\/lamoderna.edu.ec\\\/i-intercolegial-de-electronica\\\/\"},\"author\":{\"name\":\"elyxir\",\"@id\":\"https:\\\/\\\/lamoderna.edu.ec\\\/#\\\/schema\\\/person\\\/dcb037ac2daad37eb1ef9bf87414fcda\"},\"headline\":\"I Intercolegial de Electr\u00f3nica\",\"datePublished\":\"2018-08-17T17:41:00+00:00\",\"dateModified\":\"2024-07-09T20:55:57+00:00\",\"mainEntityOfPage\":{\"@id\":\"https:\\\/\\\/lamoderna.edu.ec\\\/i-intercolegial-de-electronica\\\/\"},\"wordCount\":133,\"commentCount\":0,\"publisher\":{\"@id\":\"https:\\\/\\\/lamoderna.edu.ec\\\/#organization\"},\"image\":{\"@id\":\"https:\\\/\\\/lamoderna.edu.ec\\\/i-intercolegial-de-electronica\\\/#primaryimage\"},\"thumbnailUrl\":\"https:\\\/\\\/lamoderna.edu.ec\\\/wp-content\\\/uploads\\\/2020\\\/10\\\/9.jpg\",\"articleSection\":[\"Noticias\"],\"inLanguage\":\"en-US\",\"potentialAction\":[{\"@type\":\"CommentAction\",\"name\":\"Comment\",\"target\":[\"https:\\\/\\\/lamoderna.edu.ec\\\/i-intercolegial-de-electronica\\\/#respond\"]}]},{\"@type\":\"WebPage\",\"@id\":\"https:\\\/\\\/lamoderna.edu.ec\\\/i-intercolegial-de-electronica\\\/\",\"url\":\"https:\\\/\\\/lamoderna.edu.ec\\\/i-intercolegial-de-electronica\\\/\",\"name\":\"I Intercolegial de Electr\u00f3nica - La Moderna\",\"isPartOf\":{\"@id\":\"https:\\\/\\\/lamoderna.edu.ec\\\/#website\"},\"primaryImageOfPage\":{\"@id\":\"https:\\\/\\\/lamoderna.edu.ec\\\/i-intercolegial-de-electronica\\\/#primaryimage\"},\"image\":{\"@id\":\"https:\\\/\\\/lamoderna.edu.ec\\\/i-intercolegial-de-electronica\\\/#primaryimage\"},\"thumbnailUrl\":\"https:\\\/\\\/lamoderna.edu.ec\\\/wp-content\\\/uploads\\\/2020\\\/10\\\/9.jpg\",\"datePublished\":\"2018-08-17T17:41:00+00:00\",\"dateModified\":\"2024-07-09T20:55:57+00:00\",\"breadcrumb\":{\"@id\":\"https:\\\/\\\/lamoderna.edu.ec\\\/i-intercolegial-de-electronica\\\/#breadcrumb\"},\"inLanguage\":\"en-US\",\"potentialAction\":[{\"@type\":\"ReadAction\",\"target\":[\"https:\\\/\\\/lamoderna.edu.ec\\\/i-intercolegial-de-electronica\\\/\"]}]},{\"@type\":\"ImageObject\",\"inLanguage\":\"en-US\",\"@id\":\"https:\\\/\\\/lamoderna.edu.ec\\\/i-intercolegial-de-electronica\\\/#primaryimage\",\"url\":\"https:\\\/\\\/lamoderna.edu.ec\\\/wp-content\\\/uploads\\\/2020\\\/10\\\/9.jpg\",\"contentUrl\":\"https:\\\/\\\/lamoderna.edu.ec\\\/wp-content\\\/uploads\\\/2020\\\/10\\\/9.jpg\",\"width\":1374,\"height\":952},{\"@type\":\"BreadcrumbList\",\"@id\":\"https:\\\/\\\/lamoderna.edu.ec\\\/i-intercolegial-de-electronica\\\/#breadcrumb\",\"itemListElement\":[{\"@type\":\"ListItem\",\"position\":1,\"name\":\"Inicio\",\"item\":\"https:\\\/\\\/lamoderna.edu.ec\\\/\"},{\"@type\":\"ListItem\",\"position\":2,\"name\":\"I Intercolegial de Electr\u00f3nica\"}]},{\"@type\":\"WebSite\",\"@id\":\"https:\\\/\\\/lamoderna.edu.ec\\\/#website\",\"url\":\"https:\\\/\\\/lamoderna.edu.ec\\\/\",\"name\":\"Colegio La Moderna\",\"description\":\"Unidad Educativa Particular Biling\u00fce\",\"publisher\":{\"@id\":\"https:\\\/\\\/lamoderna.edu.ec\\\/#organization\"},\"alternateName\":\"Colegio LMO\",\"potentialAction\":[{\"@type\":\"SearchAction\",\"target\":{\"@type\":\"EntryPoint\",\"urlTemplate\":\"https:\\\/\\\/lamoderna.edu.ec\\\/?s={search_term_string}\"},\"query-input\":{\"@type\":\"PropertyValueSpecification\",\"valueRequired\":true,\"valueName\":\"search_term_string\"}}],\"inLanguage\":\"en-US\"},{\"@type\":\"Organization\",\"@id\":\"https:\\\/\\\/lamoderna.edu.ec\\\/#organization\",\"name\":\"Colegio La Moderna\",\"alternateName\":\"Colegio LMO\",\"url\":\"https:\\\/\\\/lamoderna.edu.ec\\\/\",\"logo\":{\"@type\":\"ImageObject\",\"inLanguage\":\"en-US\",\"@id\":\"https:\\\/\\\/lamoderna.edu.ec\\\/#\\\/schema\\\/logo\\\/image\\\/\",\"url\":\"https:\\\/\\\/lamoderna.edu.ec\\\/wp-content\\\/uploads\\\/2024\\\/08\\\/icono.png\",\"contentUrl\":\"https:\\\/\\\/lamoderna.edu.ec\\\/wp-content\\\/uploads\\\/2024\\\/08\\\/icono.png\",\"width\":103,\"height\":102,\"caption\":\"Colegio La Moderna\"},\"image\":{\"@id\":\"https:\\\/\\\/lamoderna.edu.ec\\\/#\\\/schema\\\/logo\\\/image\\\/\"},\"sameAs\":[\"https:\\\/\\\/www.facebook.com\\\/lamodernaEC\\\/\",\"https:\\\/\\\/www.instagram.com\\\/lamoderna_ec\\\/#\"]},{\"@type\":\"Person\",\"@id\":\"https:\\\/\\\/lamoderna.edu.ec\\\/#\\\/schema\\\/person\\\/dcb037ac2daad37eb1ef9bf87414fcda\",\"name\":\"elyxir\",\"image\":{\"@type\":\"ImageObject\",\"inLanguage\":\"en-US\",\"@id\":\"https:\\\/\\\/secure.gravatar.com\\\/avatar\\\/76e29e7f71b7ce993618bb4160e20751e0b1fb916573c8111c1bf5a78d422bdb?s=96&d=mm&r=g\",\"url\":\"https:\\\/\\\/secure.gravatar.com\\\/avatar\\\/76e29e7f71b7ce993618bb4160e20751e0b1fb916573c8111c1bf5a78d422bdb?s=96&d=mm&r=g\",\"contentUrl\":\"https:\\\/\\\/secure.gravatar.com\\\/avatar\\\/76e29e7f71b7ce993618bb4160e20751e0b1fb916573c8111c1bf5a78d422bdb?s=96&d=mm&r=g\",\"caption\":\"elyxir\"},\"sameAs\":[\"http:\\\/\\\/elyxirdigital.com.mx\"],\"url\":\"https:\\\/\\\/lamoderna.edu.ec\\\/en\\\/author\\\/elyxir\\\/\"}]}<\/script>\n<!-- \/ Yoast SEO plugin. -->","yoast_head_json":{"title":"I Intercolegial de Electr\u00f3nica - La Moderna","robots":{"index":"index","follow":"follow","max-snippet":"max-snippet:-1","max-image-preview":"max-image-preview:large","max-video-preview":"max-video-preview:-1"},"canonical":"https:\/\/lamoderna.edu.ec\/en\/i-intercolegial-de-electronica\/","og_locale":"en_US","og_type":"article","og_title":"I Intercolegial de Electr\u00f3nica - La Moderna","og_description":"El mi\u00e9rcoles 15 de agosto se realiz\u00f3 el Primer Intercolegial de Electr\u00f3nica en las instalaciones de la Unidad Educativa Biling\u00fce La Moderna, cont\u00f3 con la participaci\u00f3n de colegios que imparten esta materia a sus estudiantes como Ecomundo, Unidad Educativa Federico Gonz\u00e1lez Su\u00e1rez, Unidad Educativa Especializada El Oro y Academia Naval Almirante Illingworth mientras que el [&hellip;]","og_url":"https:\/\/lamoderna.edu.ec\/en\/i-intercolegial-de-electronica\/","og_site_name":"La Moderna","article_publisher":"https:\/\/www.facebook.com\/lamodernaEC\/","article_published_time":"2018-08-17T17:41:00+00:00","article_modified_time":"2024-07-09T20:55:57+00:00","og_image":[{"width":1374,"height":952,"url":"https:\/\/lamoderna.edu.ec\/wp-content\/uploads\/2020\/10\/9.jpg","type":"image\/jpeg"}],"author":"elyxir","twitter_card":"summary_large_image","twitter_misc":{"Written by":"elyxir","Est. reading time":"2 minutes"},"schema":{"@context":"https:\/\/schema.org","@graph":[{"@type":"Article","@id":"https:\/\/lamoderna.edu.ec\/i-intercolegial-de-electronica\/#article","isPartOf":{"@id":"https:\/\/lamoderna.edu.ec\/i-intercolegial-de-electronica\/"},"author":{"name":"elyxir","@id":"https:\/\/lamoderna.edu.ec\/#\/schema\/person\/dcb037ac2daad37eb1ef9bf87414fcda"},"headline":"I Intercolegial de Electr\u00f3nica","datePublished":"2018-08-17T17:41:00+00:00","dateModified":"2024-07-09T20:55:57+00:00","mainEntityOfPage":{"@id":"https:\/\/lamoderna.edu.ec\/i-intercolegial-de-electronica\/"},"wordCount":133,"commentCount":0,"publisher":{"@id":"https:\/\/lamoderna.edu.ec\/#organization"},"image":{"@id":"https:\/\/lamoderna.edu.ec\/i-intercolegial-de-electronica\/#primaryimage"},"thumbnailUrl":"https:\/\/lamoderna.edu.ec\/wp-content\/uploads\/2020\/10\/9.jpg","articleSection":["Noticias"],"inLanguage":"en-US","potentialAction":[{"@type":"CommentAction","name":"Comment","target":["https:\/\/lamoderna.edu.ec\/i-intercolegial-de-electronica\/#respond"]}]},{"@type":"WebPage","@id":"https:\/\/lamoderna.edu.ec\/i-intercolegial-de-electronica\/","url":"https:\/\/lamoderna.edu.ec\/i-intercolegial-de-electronica\/","name":"I Intercolegial de Electr\u00f3nica - La Moderna","isPartOf":{"@id":"https:\/\/lamoderna.edu.ec\/#website"},"primaryImageOfPage":{"@id":"https:\/\/lamoderna.edu.ec\/i-intercolegial-de-electronica\/#primaryimage"},"image":{"@id":"https:\/\/lamoderna.edu.ec\/i-intercolegial-de-electronica\/#primaryimage"},"thumbnailUrl":"https:\/\/lamoderna.edu.ec\/wp-content\/uploads\/2020\/10\/9.jpg","datePublished":"2018-08-17T17:41:00+00:00","dateModified":"2024-07-09T20:55:57+00:00","breadcrumb":{"@id":"https:\/\/lamoderna.edu.ec\/i-intercolegial-de-electronica\/#breadcrumb"},"inLanguage":"en-US","potentialAction":[{"@type":"ReadAction","target":["https:\/\/lamoderna.edu.ec\/i-intercolegial-de-electronica\/"]}]},{"@type":"ImageObject","inLanguage":"en-US","@id":"https:\/\/lamoderna.edu.ec\/i-intercolegial-de-electronica\/#primaryimage","url":"https:\/\/lamoderna.edu.ec\/wp-content\/uploads\/2020\/10\/9.jpg","contentUrl":"https:\/\/lamoderna.edu.ec\/wp-content\/uploads\/2020\/10\/9.jpg","width":1374,"height":952},{"@type":"BreadcrumbList","@id":"https:\/\/lamoderna.edu.ec\/i-intercolegial-de-electronica\/#breadcrumb","itemListElement":[{"@type":"ListItem","position":1,"name":"Inicio","item":"https:\/\/lamoderna.edu.ec\/"},{"@type":"ListItem","position":2,"name":"I Intercolegial de Electr\u00f3nica"}]},{"@type":"WebSite","@id":"https:\/\/lamoderna.edu.ec\/#website","url":"https:\/\/lamoderna.edu.ec\/","name":"Colegio La Moderna","description":"Unidad Educativa Particular Biling\u00fce","publisher":{"@id":"https:\/\/lamoderna.edu.ec\/#organization"},"alternateName":"Colegio LMO","potentialAction":[{"@type":"SearchAction","target":{"@type":"EntryPoint","urlTemplate":"https:\/\/lamoderna.edu.ec\/?s={search_term_string}"},"query-input":{"@type":"PropertyValueSpecification","valueRequired":true,"valueName":"search_term_string"}}],"inLanguage":"en-US"},{"@type":"Organization","@id":"https:\/\/lamoderna.edu.ec\/#organization","name":"Colegio La Moderna","alternateName":"Colegio LMO","url":"https:\/\/lamoderna.edu.ec\/","logo":{"@type":"ImageObject","inLanguage":"en-US","@id":"https:\/\/lamoderna.edu.ec\/#\/schema\/logo\/image\/","url":"https:\/\/lamoderna.edu.ec\/wp-content\/uploads\/2024\/08\/icono.png","contentUrl":"https:\/\/lamoderna.edu.ec\/wp-content\/uploads\/2024\/08\/icono.png","width":103,"height":102,"caption":"Colegio La Moderna"},"image":{"@id":"https:\/\/lamoderna.edu.ec\/#\/schema\/logo\/image\/"},"sameAs":["https:\/\/www.facebook.com\/lamodernaEC\/","https:\/\/www.instagram.com\/lamoderna_ec\/#"]},{"@type":"Person","@id":"https:\/\/lamoderna.edu.ec\/#\/schema\/person\/dcb037ac2daad37eb1ef9bf87414fcda","name":"elyxir","image":{"@type":"ImageObject","inLanguage":"en-US","@id":"https:\/\/secure.gravatar.com\/avatar\/76e29e7f71b7ce993618bb4160e20751e0b1fb916573c8111c1bf5a78d422bdb?s=96&d=mm&r=g","url":"https:\/\/secure.gravatar.com\/avatar\/76e29e7f71b7ce993618bb4160e20751e0b1fb916573c8111c1bf5a78d422bdb?s=96&d=mm&r=g","contentUrl":"https:\/\/secure.gravatar.com\/avatar\/76e29e7f71b7ce993618bb4160e20751e0b1fb916573c8111c1bf5a78d422bdb?s=96&d=mm&r=g","caption":"elyxir"},"sameAs":["http:\/\/elyxirdigital.com.mx"],"url":"https:\/\/lamoderna.edu.ec\/en\/author\/elyxir\/"}]}},"_links":{"self":[{"href":"https:\/\/lamoderna.edu.ec\/en\/wp-json\/wp\/v2\/posts\/2348","targetHints":{"allow":["GET"]}}],"collection":[{"href":"https:\/\/lamoderna.edu.ec\/en\/wp-json\/wp\/v2\/posts"}],"about":[{"href":"https:\/\/lamoderna.edu.ec\/en\/wp-json\/wp\/v2\/types\/post"}],"author":[{"embeddable":true,"href":"https:\/\/lamoderna.edu.ec\/en\/wp-json\/wp\/v2\/users\/2"}],"replies":[{"embeddable":true,"href":"https:\/\/lamoderna.edu.ec\/en\/wp-json\/wp\/v2\/comments?post=2348"}],"version-history":[{"count":3,"href":"https:\/\/lamoderna.edu.ec\/en\/wp-json\/wp\/v2\/posts\/2348\/revisions"}],"predecessor-version":[{"id":379404,"href":"https:\/\/lamoderna.edu.ec\/en\/wp-json\/wp\/v2\/posts\/2348\/revisions\/379404"}],"wp:featuredmedia":[{"embeddable":true,"href":"https:\/\/lamoderna.edu.ec\/en\/wp-json\/wp\/v2\/media\/2349"}],"wp:attachment":[{"href":"https:\/\/lamoderna.edu.ec\/en\/wp-json\/wp\/v2\/media?parent=2348"}],"wp:term":[{"taxonomy":"category","embeddable":true,"href":"https:\/\/lamoderna.edu.ec\/en\/wp-json\/wp\/v2\/categories?post=2348"},{"taxonomy":"post_tag","embeddable":true,"href":"https:\/\/lamoderna.edu.ec\/en\/wp-json\/wp\/v2\/tags?post=2348"}],"curies":[{"name":"wp","href":"https:\/\/api.w.org\/{rel}","templated":true}]}}