{"id":176425,"date":"2023-04-05T20:22:22","date_gmt":"2023-04-05T20:22:22","guid":{"rendered":"https:\/\/lamoderna.edu.ec\/?p=176425"},"modified":"2024-05-30T01:15:28","modified_gmt":"2024-05-30T06:15:28","slug":"graduacion-tercero-bachillerato","status":"publish","type":"post","link":"https:\/\/lamoderna.edu.ec\/en\/graduacion-tercero-bachillerato\/","title":{"rendered":"Graduation Third Baccalaureate"},"content":{"rendered":"<p><strong>GRADUATION CEREMONY; LA MODERNA HIGH SCHOOL XXXV GRADUATING CLASS<\/strong><\/p>\n\n\n\n<p><strong>Samborond\u00f3n, 27 de marzo del 2023.-<\/strong>&nbsp; At the UEES Convention Center, family and friends of our 125 students of the XXXV graduating class gathered on Thursday, March 23, 2023 to officially grant them their degree as Baccalaureate of the Republic of Ecuador.&nbsp;<\/p>\n\n\n\n<p>Leaders trained to exercise with their knowledge and skills the demands of the global environment that through the education offered by their alma mater, La Moderna, will benefit society for their great capabilities developed in the bilingual program of the Educational Unit.<\/p>\n\n\n\n<p>Several certifications in English with Cambridge and French with the support of the French Alliance Academy of Guayaquil were awarded to outstanding students with the best scores in languages.&nbsp;<\/p>\n\n\n\n<p>Humanities, Entrepreneurship, Technology and Health, were also part of the list of outstanding mentions to be delivered to those leaders who developed in various disciplines both academic and sports. Those who remained in La Moderna from Preschool to the last year of High School were awarded with gifts and souvenirs for their trust and support to the Institution that has formed their children for so many years; undoubtedly, an emotional moment full of emotions and some tears.&nbsp;&nbsp;<\/p>\n\n\n\n<p>El ingreso universitario internacional gracias a la gesti\u00f3n del Programa de Bachillerato Internacional y de Relaciones Internacionales de La Moderna, se pudo palpar a trav\u00e9s de la aceptaci\u00f3n de&nbsp;varios estudiantes de la Promoci\u00f3n 35 a Universidades como Navarra en Espa\u00f1a, Universidad Zamorano en Honduras, Gonzaga University, Arizona State University, Fordham, Villanova, Notre Dame, Southern Utah y muchas m\u00e1s en Estados Unido. Un gran paso que respalda el impulso y formaci\u00f3n que el colegio otorga a sus estudiantes bajo su programa internacional.&nbsp;<\/p>\n\n\n\n<p>Universidades Nacionales como Uees, Ecotec, Cat\u00f3lica, San Francisco de Quito, entre otras, brindaron becas a los mejores estudiantes de la Promoci\u00f3n.<\/p>\n\n\n\n<p>Tiempo significativo de gran emotividad para todos los estudiantes.<\/p>\n\n\n<div class=\"wp-block-image\">\n<figure class=\"aligncenter size-full\"><img fetchpriority=\"high\" decoding=\"async\" width=\"800\" height=\"514\" src=\"https:\/\/lamoderna.edu.ec\/wp-content\/uploads\/2023\/04\/tercero-bachillerato3.jpg\" alt=\"\" class=\"wp-image-176427\" srcset=\"https:\/\/lamoderna.edu.ec\/wp-content\/uploads\/2023\/04\/tercero-bachillerato3.jpg 800w, https:\/\/lamoderna.edu.ec\/wp-content\/uploads\/2023\/04\/tercero-bachillerato3-300x193.jpg 300w, https:\/\/lamoderna.edu.ec\/wp-content\/uploads\/2023\/04\/tercero-bachillerato3-768x493.jpg 768w\" sizes=\"(max-width: 800px) 100vw, 800px\" \/><figcaption class=\"wp-element-caption\">Presentation of university scholarships by the Universidad Cat\u00f3lica de Santiago de Guayaquil to the best students of the 35th graduating class.<\/figcaption><\/figure>\n<\/div>\n\n<div class=\"wp-block-image\">\n<figure class=\"aligncenter size-full\"><img decoding=\"async\" width=\"800\" height=\"514\" src=\"https:\/\/lamoderna.edu.ec\/wp-content\/uploads\/2023\/04\/tercero-bachillerato2.jpg\" alt=\"\" class=\"wp-image-176428\" srcset=\"https:\/\/lamoderna.edu.ec\/wp-content\/uploads\/2023\/04\/tercero-bachillerato2.jpg 800w, https:\/\/lamoderna.edu.ec\/wp-content\/uploads\/2023\/04\/tercero-bachillerato2-300x193.jpg 300w, https:\/\/lamoderna.edu.ec\/wp-content\/uploads\/2023\/04\/tercero-bachillerato2-768x493.jpg 768w\" sizes=\"(max-width: 800px) 100vw, 800px\" \/><figcaption class=\"wp-element-caption\">Presentation of university scholarships by the Universidad Cat\u00f3lica de Santiago de Guayaquil to the best students of the 35th graduating class.<br>The Executive Director of the Graduate School UEES, Lic. Mar\u00eda Auxiliadora Hidalgo, delivered the scholarships.<\/figcaption><\/figure>\n<\/div>\n\n<div class=\"wp-block-image\">\n<figure class=\"aligncenter size-full\"><img decoding=\"async\" width=\"800\" height=\"514\" src=\"https:\/\/lamoderna.edu.ec\/wp-content\/uploads\/2023\/04\/tercero-bachillerato5.jpg\" alt=\"\" class=\"wp-image-176429\" srcset=\"https:\/\/lamoderna.edu.ec\/wp-content\/uploads\/2023\/04\/tercero-bachillerato5.jpg 800w, https:\/\/lamoderna.edu.ec\/wp-content\/uploads\/2023\/04\/tercero-bachillerato5-300x193.jpg 300w, https:\/\/lamoderna.edu.ec\/wp-content\/uploads\/2023\/04\/tercero-bachillerato5-768x493.jpg 768w\" sizes=\"(max-width: 800px) 100vw, 800px\" \/><figcaption class=\"wp-element-caption\">Best Graduating Class 35. Andr\u00e9s Paucar<\/figcaption><\/figure>\n<\/div>\n\n<div class=\"wp-block-image\">\n<figure class=\"aligncenter size-full\"><img loading=\"lazy\" decoding=\"async\" width=\"533\" height=\"800\" src=\"https:\/\/lamoderna.edu.ec\/wp-content\/uploads\/2023\/04\/tercero-bachillerato6.jpg\" alt=\"\" class=\"wp-image-176430\" srcset=\"https:\/\/lamoderna.edu.ec\/wp-content\/uploads\/2023\/04\/tercero-bachillerato6.jpg 533w, https:\/\/lamoderna.edu.ec\/wp-content\/uploads\/2023\/04\/tercero-bachillerato6-200x300.jpg 200w\" sizes=\"(max-width: 533px) 100vw, 533px\" \/><figcaption class=\"wp-element-caption\">Best student in English Language, Daniela Doyle.<\/figcaption><\/figure>\n<\/div>","protected":false},"excerpt":{"rendered":"<p>INCORPORACI\u00d3N DE LA TRIG\u00c9SIMA QUINTA PROMOCI\u00d3N DE LA MODERNA Samborond\u00f3n, 27 de marzo del 2023.-&nbsp; En el Centro de Convenciones de la UEES, se reunieron familiares y amigos de nuestros 125 estudiantes de la Promoci\u00f3n XXXV el jueves 23 de marzo del 2023 para otorgarles oficialmente su T\u00edtulo como Bachilleres de la Rep\u00fablica del Ecuador.&nbsp; [&hellip;]<\/p>\n","protected":false},"author":2,"featured_media":377761,"comment_status":"open","ping_status":"closed","sticky":false,"template":"","format":"standard","meta":{"footnotes":""},"categories":[37],"tags":[81,42,96,43],"class_list":["post-176425","post","type-post","status-publish","format-standard","has-post-thumbnail","hentry","category-eventos","tag-educacion","tag-estudiantes","tag-graduacion","tag-lamoderna"],"yoast_head":"<!-- This site is optimized with the Yoast SEO plugin v27.4 - https:\/\/yoast.com\/product\/yoast-seo-wordpress\/ -->\n<title>Graduaci\u00f3n Tercero Bachillerato - La Moderna<\/title>\n<meta name=\"robots\" content=\"index, follow, max-snippet:-1, max-image-preview:large, max-video-preview:-1\" \/>\n<link rel=\"canonical\" href=\"https:\/\/lamoderna.edu.ec\/en\/graduacion-tercero-bachillerato\/\" \/>\n<meta property=\"og:locale\" content=\"en_US\" \/>\n<meta property=\"og:type\" content=\"article\" \/>\n<meta property=\"og:title\" content=\"Graduaci\u00f3n Tercero Bachillerato - La Moderna\" \/>\n<meta property=\"og:description\" content=\"INCORPORACI\u00d3N DE LA TRIG\u00c9SIMA QUINTA PROMOCI\u00d3N DE LA MODERNA Samborond\u00f3n, 27 de marzo del 2023.-&nbsp; En el Centro de Convenciones de la UEES, se reunieron familiares y amigos de nuestros 125 estudiantes de la Promoci\u00f3n XXXV el jueves 23 de marzo del 2023 para otorgarles oficialmente su T\u00edtulo como Bachilleres de la Rep\u00fablica del Ecuador.&nbsp; [&hellip;]\" \/>\n<meta property=\"og:url\" content=\"https:\/\/lamoderna.edu.ec\/en\/graduacion-tercero-bachillerato\/\" \/>\n<meta property=\"og:site_name\" content=\"La Moderna\" \/>\n<meta property=\"article:publisher\" content=\"https:\/\/www.facebook.com\/lamodernaEC\/\" \/>\n<meta property=\"article:published_time\" content=\"2023-04-05T20:22:22+00:00\" \/>\n<meta property=\"article:modified_time\" content=\"2024-05-30T06:15:28+00:00\" \/>\n<meta property=\"og:image\" content=\"https:\/\/lamoderna.edu.ec\/wp-content\/uploads\/2024\/05\/graduacion-tercero-bachillerato.jpg\" \/>\n\t<meta property=\"og:image:width\" content=\"580\" \/>\n\t<meta property=\"og:image:height\" content=\"373\" \/>\n\t<meta property=\"og:image:type\" content=\"image\/jpeg\" \/>\n<meta name=\"author\" content=\"elyxir\" \/>\n<meta name=\"twitter:card\" content=\"summary_large_image\" \/>\n<meta name=\"twitter:label1\" content=\"Written by\" \/>\n\t<meta name=\"twitter:data1\" content=\"elyxir\" \/>\n\t<meta name=\"twitter:label2\" content=\"Est. reading time\" \/>\n\t<meta name=\"twitter:data2\" content=\"2 minutes\" \/>\n<script type=\"application\/ld+json\" class=\"yoast-schema-graph\">{\"@context\":\"https:\\\/\\\/schema.org\",\"@graph\":[{\"@type\":\"Article\",\"@id\":\"https:\\\/\\\/lamoderna.edu.ec\\\/graduacion-tercero-bachillerato\\\/#article\",\"isPartOf\":{\"@id\":\"https:\\\/\\\/lamoderna.edu.ec\\\/graduacion-tercero-bachillerato\\\/\"},\"author\":{\"name\":\"elyxir\",\"@id\":\"https:\\\/\\\/lamoderna.edu.ec\\\/#\\\/schema\\\/person\\\/dcb037ac2daad37eb1ef9bf87414fcda\"},\"headline\":\"Graduaci\u00f3n Tercero Bachillerato\",\"datePublished\":\"2023-04-05T20:22:22+00:00\",\"dateModified\":\"2024-05-30T06:15:28+00:00\",\"mainEntityOfPage\":{\"@id\":\"https:\\\/\\\/lamoderna.edu.ec\\\/graduacion-tercero-bachillerato\\\/\"},\"wordCount\":456,\"commentCount\":0,\"publisher\":{\"@id\":\"https:\\\/\\\/lamoderna.edu.ec\\\/#organization\"},\"image\":{\"@id\":\"https:\\\/\\\/lamoderna.edu.ec\\\/graduacion-tercero-bachillerato\\\/#primaryimage\"},\"thumbnailUrl\":\"https:\\\/\\\/lamoderna.edu.ec\\\/wp-content\\\/uploads\\\/2024\\\/05\\\/graduacion-tercero-bachillerato.jpg\",\"keywords\":[\"educacion\",\"estudiantes\",\"graduacion\",\"lamoderna\"],\"articleSection\":[\"Eventos\"],\"inLanguage\":\"en-US\",\"potentialAction\":[{\"@type\":\"CommentAction\",\"name\":\"Comment\",\"target\":[\"https:\\\/\\\/lamoderna.edu.ec\\\/graduacion-tercero-bachillerato\\\/#respond\"]}]},{\"@type\":\"WebPage\",\"@id\":\"https:\\\/\\\/lamoderna.edu.ec\\\/graduacion-tercero-bachillerato\\\/\",\"url\":\"https:\\\/\\\/lamoderna.edu.ec\\\/graduacion-tercero-bachillerato\\\/\",\"name\":\"Graduaci\u00f3n Tercero Bachillerato - La Moderna\",\"isPartOf\":{\"@id\":\"https:\\\/\\\/lamoderna.edu.ec\\\/#website\"},\"primaryImageOfPage\":{\"@id\":\"https:\\\/\\\/lamoderna.edu.ec\\\/graduacion-tercero-bachillerato\\\/#primaryimage\"},\"image\":{\"@id\":\"https:\\\/\\\/lamoderna.edu.ec\\\/graduacion-tercero-bachillerato\\\/#primaryimage\"},\"thumbnailUrl\":\"https:\\\/\\\/lamoderna.edu.ec\\\/wp-content\\\/uploads\\\/2024\\\/05\\\/graduacion-tercero-bachillerato.jpg\",\"datePublished\":\"2023-04-05T20:22:22+00:00\",\"dateModified\":\"2024-05-30T06:15:28+00:00\",\"breadcrumb\":{\"@id\":\"https:\\\/\\\/lamoderna.edu.ec\\\/graduacion-tercero-bachillerato\\\/#breadcrumb\"},\"inLanguage\":\"en-US\",\"potentialAction\":[{\"@type\":\"ReadAction\",\"target\":[\"https:\\\/\\\/lamoderna.edu.ec\\\/graduacion-tercero-bachillerato\\\/\"]}]},{\"@type\":\"ImageObject\",\"inLanguage\":\"en-US\",\"@id\":\"https:\\\/\\\/lamoderna.edu.ec\\\/graduacion-tercero-bachillerato\\\/#primaryimage\",\"url\":\"https:\\\/\\\/lamoderna.edu.ec\\\/wp-content\\\/uploads\\\/2024\\\/05\\\/graduacion-tercero-bachillerato.jpg\",\"contentUrl\":\"https:\\\/\\\/lamoderna.edu.ec\\\/wp-content\\\/uploads\\\/2024\\\/05\\\/graduacion-tercero-bachillerato.jpg\",\"width\":580,\"height\":373},{\"@type\":\"BreadcrumbList\",\"@id\":\"https:\\\/\\\/lamoderna.edu.ec\\\/graduacion-tercero-bachillerato\\\/#breadcrumb\",\"itemListElement\":[{\"@type\":\"ListItem\",\"position\":1,\"name\":\"Inicio\",\"item\":\"https:\\\/\\\/lamoderna.edu.ec\\\/\"},{\"@type\":\"ListItem\",\"position\":2,\"name\":\"Graduaci\u00f3n Tercero Bachillerato\"}]},{\"@type\":\"WebSite\",\"@id\":\"https:\\\/\\\/lamoderna.edu.ec\\\/#website\",\"url\":\"https:\\\/\\\/lamoderna.edu.ec\\\/\",\"name\":\"Colegio La Moderna\",\"description\":\"Unidad Educativa Particular Biling\u00fce\",\"publisher\":{\"@id\":\"https:\\\/\\\/lamoderna.edu.ec\\\/#organization\"},\"alternateName\":\"Colegio LMO\",\"potentialAction\":[{\"@type\":\"SearchAction\",\"target\":{\"@type\":\"EntryPoint\",\"urlTemplate\":\"https:\\\/\\\/lamoderna.edu.ec\\\/?s={search_term_string}\"},\"query-input\":{\"@type\":\"PropertyValueSpecification\",\"valueRequired\":true,\"valueName\":\"search_term_string\"}}],\"inLanguage\":\"en-US\"},{\"@type\":\"Organization\",\"@id\":\"https:\\\/\\\/lamoderna.edu.ec\\\/#organization\",\"name\":\"Colegio La Moderna\",\"alternateName\":\"Colegio LMO\",\"url\":\"https:\\\/\\\/lamoderna.edu.ec\\\/\",\"logo\":{\"@type\":\"ImageObject\",\"inLanguage\":\"en-US\",\"@id\":\"https:\\\/\\\/lamoderna.edu.ec\\\/#\\\/schema\\\/logo\\\/image\\\/\",\"url\":\"https:\\\/\\\/lamoderna.edu.ec\\\/wp-content\\\/uploads\\\/2024\\\/08\\\/icono.png\",\"contentUrl\":\"https:\\\/\\\/lamoderna.edu.ec\\\/wp-content\\\/uploads\\\/2024\\\/08\\\/icono.png\",\"width\":103,\"height\":102,\"caption\":\"Colegio La Moderna\"},\"image\":{\"@id\":\"https:\\\/\\\/lamoderna.edu.ec\\\/#\\\/schema\\\/logo\\\/image\\\/\"},\"sameAs\":[\"https:\\\/\\\/www.facebook.com\\\/lamodernaEC\\\/\",\"https:\\\/\\\/www.instagram.com\\\/lamoderna_ec\\\/#\"]},{\"@type\":\"Person\",\"@id\":\"https:\\\/\\\/lamoderna.edu.ec\\\/#\\\/schema\\\/person\\\/dcb037ac2daad37eb1ef9bf87414fcda\",\"name\":\"elyxir\",\"image\":{\"@type\":\"ImageObject\",\"inLanguage\":\"en-US\",\"@id\":\"https:\\\/\\\/secure.gravatar.com\\\/avatar\\\/76e29e7f71b7ce993618bb4160e20751e0b1fb916573c8111c1bf5a78d422bdb?s=96&d=mm&r=g\",\"url\":\"https:\\\/\\\/secure.gravatar.com\\\/avatar\\\/76e29e7f71b7ce993618bb4160e20751e0b1fb916573c8111c1bf5a78d422bdb?s=96&d=mm&r=g\",\"contentUrl\":\"https:\\\/\\\/secure.gravatar.com\\\/avatar\\\/76e29e7f71b7ce993618bb4160e20751e0b1fb916573c8111c1bf5a78d422bdb?s=96&d=mm&r=g\",\"caption\":\"elyxir\"},\"sameAs\":[\"http:\\\/\\\/elyxirdigital.com.mx\"],\"url\":\"https:\\\/\\\/lamoderna.edu.ec\\\/en\\\/author\\\/elyxir\\\/\"}]}<\/script>\n<!-- \/ Yoast SEO plugin. -->","yoast_head_json":{"title":"Graduaci\u00f3n Tercero Bachillerato - La Moderna","robots":{"index":"index","follow":"follow","max-snippet":"max-snippet:-1","max-image-preview":"max-image-preview:large","max-video-preview":"max-video-preview:-1"},"canonical":"https:\/\/lamoderna.edu.ec\/en\/graduacion-tercero-bachillerato\/","og_locale":"en_US","og_type":"article","og_title":"Graduaci\u00f3n Tercero Bachillerato - La Moderna","og_description":"INCORPORACI\u00d3N DE LA TRIG\u00c9SIMA QUINTA PROMOCI\u00d3N DE LA MODERNA Samborond\u00f3n, 27 de marzo del 2023.-&nbsp; En el Centro de Convenciones de la UEES, se reunieron familiares y amigos de nuestros 125 estudiantes de la Promoci\u00f3n XXXV el jueves 23 de marzo del 2023 para otorgarles oficialmente su T\u00edtulo como Bachilleres de la Rep\u00fablica del Ecuador.&nbsp; [&hellip;]","og_url":"https:\/\/lamoderna.edu.ec\/en\/graduacion-tercero-bachillerato\/","og_site_name":"La Moderna","article_publisher":"https:\/\/www.facebook.com\/lamodernaEC\/","article_published_time":"2023-04-05T20:22:22+00:00","article_modified_time":"2024-05-30T06:15:28+00:00","og_image":[{"width":580,"height":373,"url":"https:\/\/lamoderna.edu.ec\/wp-content\/uploads\/2024\/05\/graduacion-tercero-bachillerato.jpg","type":"image\/jpeg"}],"author":"elyxir","twitter_card":"summary_large_image","twitter_misc":{"Written by":"elyxir","Est. reading time":"2 minutes"},"schema":{"@context":"https:\/\/schema.org","@graph":[{"@type":"Article","@id":"https:\/\/lamoderna.edu.ec\/graduacion-tercero-bachillerato\/#article","isPartOf":{"@id":"https:\/\/lamoderna.edu.ec\/graduacion-tercero-bachillerato\/"},"author":{"name":"elyxir","@id":"https:\/\/lamoderna.edu.ec\/#\/schema\/person\/dcb037ac2daad37eb1ef9bf87414fcda"},"headline":"Graduaci\u00f3n Tercero Bachillerato","datePublished":"2023-04-05T20:22:22+00:00","dateModified":"2024-05-30T06:15:28+00:00","mainEntityOfPage":{"@id":"https:\/\/lamoderna.edu.ec\/graduacion-tercero-bachillerato\/"},"wordCount":456,"commentCount":0,"publisher":{"@id":"https:\/\/lamoderna.edu.ec\/#organization"},"image":{"@id":"https:\/\/lamoderna.edu.ec\/graduacion-tercero-bachillerato\/#primaryimage"},"thumbnailUrl":"https:\/\/lamoderna.edu.ec\/wp-content\/uploads\/2024\/05\/graduacion-tercero-bachillerato.jpg","keywords":["educacion","estudiantes","graduacion","lamoderna"],"articleSection":["Eventos"],"inLanguage":"en-US","potentialAction":[{"@type":"CommentAction","name":"Comment","target":["https:\/\/lamoderna.edu.ec\/graduacion-tercero-bachillerato\/#respond"]}]},{"@type":"WebPage","@id":"https:\/\/lamoderna.edu.ec\/graduacion-tercero-bachillerato\/","url":"https:\/\/lamoderna.edu.ec\/graduacion-tercero-bachillerato\/","name":"Graduaci\u00f3n Tercero Bachillerato - La Moderna","isPartOf":{"@id":"https:\/\/lamoderna.edu.ec\/#website"},"primaryImageOfPage":{"@id":"https:\/\/lamoderna.edu.ec\/graduacion-tercero-bachillerato\/#primaryimage"},"image":{"@id":"https:\/\/lamoderna.edu.ec\/graduacion-tercero-bachillerato\/#primaryimage"},"thumbnailUrl":"https:\/\/lamoderna.edu.ec\/wp-content\/uploads\/2024\/05\/graduacion-tercero-bachillerato.jpg","datePublished":"2023-04-05T20:22:22+00:00","dateModified":"2024-05-30T06:15:28+00:00","breadcrumb":{"@id":"https:\/\/lamoderna.edu.ec\/graduacion-tercero-bachillerato\/#breadcrumb"},"inLanguage":"en-US","potentialAction":[{"@type":"ReadAction","target":["https:\/\/lamoderna.edu.ec\/graduacion-tercero-bachillerato\/"]}]},{"@type":"ImageObject","inLanguage":"en-US","@id":"https:\/\/lamoderna.edu.ec\/graduacion-tercero-bachillerato\/#primaryimage","url":"https:\/\/lamoderna.edu.ec\/wp-content\/uploads\/2024\/05\/graduacion-tercero-bachillerato.jpg","contentUrl":"https:\/\/lamoderna.edu.ec\/wp-content\/uploads\/2024\/05\/graduacion-tercero-bachillerato.jpg","width":580,"height":373},{"@type":"BreadcrumbList","@id":"https:\/\/lamoderna.edu.ec\/graduacion-tercero-bachillerato\/#breadcrumb","itemListElement":[{"@type":"ListItem","position":1,"name":"Inicio","item":"https:\/\/lamoderna.edu.ec\/"},{"@type":"ListItem","position":2,"name":"Graduaci\u00f3n Tercero Bachillerato"}]},{"@type":"WebSite","@id":"https:\/\/lamoderna.edu.ec\/#website","url":"https:\/\/lamoderna.edu.ec\/","name":"Colegio La Moderna","description":"Unidad Educativa Particular Biling\u00fce","publisher":{"@id":"https:\/\/lamoderna.edu.ec\/#organization"},"alternateName":"Colegio LMO","potentialAction":[{"@type":"SearchAction","target":{"@type":"EntryPoint","urlTemplate":"https:\/\/lamoderna.edu.ec\/?s={search_term_string}"},"query-input":{"@type":"PropertyValueSpecification","valueRequired":true,"valueName":"search_term_string"}}],"inLanguage":"en-US"},{"@type":"Organization","@id":"https:\/\/lamoderna.edu.ec\/#organization","name":"Colegio La Moderna","alternateName":"Colegio LMO","url":"https:\/\/lamoderna.edu.ec\/","logo":{"@type":"ImageObject","inLanguage":"en-US","@id":"https:\/\/lamoderna.edu.ec\/#\/schema\/logo\/image\/","url":"https:\/\/lamoderna.edu.ec\/wp-content\/uploads\/2024\/08\/icono.png","contentUrl":"https:\/\/lamoderna.edu.ec\/wp-content\/uploads\/2024\/08\/icono.png","width":103,"height":102,"caption":"Colegio La Moderna"},"image":{"@id":"https:\/\/lamoderna.edu.ec\/#\/schema\/logo\/image\/"},"sameAs":["https:\/\/www.facebook.com\/lamodernaEC\/","https:\/\/www.instagram.com\/lamoderna_ec\/#"]},{"@type":"Person","@id":"https:\/\/lamoderna.edu.ec\/#\/schema\/person\/dcb037ac2daad37eb1ef9bf87414fcda","name":"elyxir","image":{"@type":"ImageObject","inLanguage":"en-US","@id":"https:\/\/secure.gravatar.com\/avatar\/76e29e7f71b7ce993618bb4160e20751e0b1fb916573c8111c1bf5a78d422bdb?s=96&d=mm&r=g","url":"https:\/\/secure.gravatar.com\/avatar\/76e29e7f71b7ce993618bb4160e20751e0b1fb916573c8111c1bf5a78d422bdb?s=96&d=mm&r=g","contentUrl":"https:\/\/secure.gravatar.com\/avatar\/76e29e7f71b7ce993618bb4160e20751e0b1fb916573c8111c1bf5a78d422bdb?s=96&d=mm&r=g","caption":"elyxir"},"sameAs":["http:\/\/elyxirdigital.com.mx"],"url":"https:\/\/lamoderna.edu.ec\/en\/author\/elyxir\/"}]}},"_links":{"self":[{"href":"https:\/\/lamoderna.edu.ec\/en\/wp-json\/wp\/v2\/posts\/176425","targetHints":{"allow":["GET"]}}],"collection":[{"href":"https:\/\/lamoderna.edu.ec\/en\/wp-json\/wp\/v2\/posts"}],"about":[{"href":"https:\/\/lamoderna.edu.ec\/en\/wp-json\/wp\/v2\/types\/post"}],"author":[{"embeddable":true,"href":"https:\/\/lamoderna.edu.ec\/en\/wp-json\/wp\/v2\/users\/2"}],"replies":[{"embeddable":true,"href":"https:\/\/lamoderna.edu.ec\/en\/wp-json\/wp\/v2\/comments?post=176425"}],"version-history":[{"count":0,"href":"https:\/\/lamoderna.edu.ec\/en\/wp-json\/wp\/v2\/posts\/176425\/revisions"}],"wp:featuredmedia":[{"embeddable":true,"href":"https:\/\/lamoderna.edu.ec\/en\/wp-json\/wp\/v2\/media\/377761"}],"wp:attachment":[{"href":"https:\/\/lamoderna.edu.ec\/en\/wp-json\/wp\/v2\/media?parent=176425"}],"wp:term":[{"taxonomy":"category","embeddable":true,"href":"https:\/\/lamoderna.edu.ec\/en\/wp-json\/wp\/v2\/categories?post=176425"},{"taxonomy":"post_tag","embeddable":true,"href":"https:\/\/lamoderna.edu.ec\/en\/wp-json\/wp\/v2\/tags?post=176425"}],"curies":[{"name":"wp","href":"https:\/\/api.w.org\/{rel}","templated":true}]}}