{"id":132133,"date":"2023-01-30T15:45:43","date_gmt":"2023-01-30T15:45:43","guid":{"rendered":"https:\/\/lamoderna.edu.ec\/?p=132133"},"modified":"2023-01-30T15:45:43","modified_gmt":"2023-01-30T15:45:43","slug":"dia-de-los-abuelitos","status":"publish","type":"post","link":"https:\/\/lamoderna.edu.ec\/en\/dia-de-los-abuelitos\/","title":{"rendered":"GRANDPARENTS, PART OF THE FESTIVITIES OF LA MODERNA"},"content":{"rendered":"<div data-elementor-type=\"wp-post\" data-elementor-id=\"132133\" class=\"elementor elementor-132133\" data-elementor-post-type=\"post\">\n\t\t\t\t\t\t<section class=\"elementor-section elementor-top-section elementor-element elementor-element-b29f1f7 elementor-section-boxed elementor-section-height-default elementor-section-height-default\" data-id=\"b29f1f7\" data-element_type=\"section\" data-e-type=\"section\">\n\t\t\t\t\t\t<div class=\"elementor-container elementor-column-gap-default\">\n\t\t\t\t\t<div class=\"elementor-column elementor-col-100 elementor-top-column elementor-element elementor-element-e7aff6a\" data-id=\"e7aff6a\" data-element_type=\"column\" data-e-type=\"column\">\n\t\t\t<div class=\"elementor-widget-wrap elementor-element-populated\">\n\t\t\t\t\t\t<div class=\"elementor-element elementor-element-8a358ba elementor-widget elementor-widget-spacer\" data-id=\"8a358ba\" data-element_type=\"widget\" data-e-type=\"widget\" data-widget_type=\"spacer.default\">\n\t\t\t\t<div class=\"elementor-widget-container\">\n\t\t\t\t\t\t\t<div class=\"elementor-spacer\">\n\t\t\t<div class=\"elementor-spacer-inner\"><\/div>\n\t\t<\/div>\n\t\t\t\t\t\t<\/div>\n\t\t\t\t<\/div>\n\t\t\t\t<div class=\"elementor-element elementor-element-17dd529 elementor-widget elementor-widget-image\" data-id=\"17dd529\" data-element_type=\"widget\" data-e-type=\"widget\" data-widget_type=\"image.default\">\n\t\t\t\t<div class=\"elementor-widget-container\">\n\t\t\t\t\t\t\t\t\t\t\t\t\t\t\t<img fetchpriority=\"high\" decoding=\"async\" width=\"640\" height=\"356\" src=\"https:\/\/lamoderna.edu.ec\/wp-content\/uploads\/2023\/01\/maternal2-1024x569.jpg\" class=\"attachment-large size-large wp-image-132138\" alt=\"\" srcset=\"https:\/\/lamoderna.edu.ec\/wp-content\/uploads\/2023\/01\/maternal2-1024x569.jpg 1024w, https:\/\/lamoderna.edu.ec\/wp-content\/uploads\/2023\/01\/maternal2-300x167.jpg 300w, https:\/\/lamoderna.edu.ec\/wp-content\/uploads\/2023\/01\/maternal2-768x427.jpg 768w, https:\/\/lamoderna.edu.ec\/wp-content\/uploads\/2023\/01\/maternal2.jpg 1100w\" sizes=\"(max-width: 640px) 100vw, 640px\" \/>\t\t\t\t\t\t\t\t\t\t\t\t\t\t\t<\/div>\n\t\t\t\t<\/div>\n\t\t\t\t<div class=\"elementor-element elementor-element-cbb9e2c elementor-widget elementor-widget-text-editor\" data-id=\"cbb9e2c\" data-element_type=\"widget\" data-e-type=\"widget\" data-widget_type=\"text-editor.default\">\n\t\t\t\t<div class=\"elementor-widget-container\">\n\t\t\t\t\t\t\t\t\t<p>Special days are lived in preschool with emotion and gratitude thanks to the accompaniment of the wisest of  home , the beloved grandparents.\u00a0<\/p><p>Every year an event is held that has a small participation of the Ecuadorian society, however, La Moderna, under its academic proposal on the value of the Family, gathers the grandparents of the students to give them a special thanks for their work, dedication, but above all, love for them. This is a beautiful opportunity for future generations to meet the wiser generations and learn from their life experiences. Dances, songs and unforgettable moments are part of the family bonds that are strengthened in the Educational Unit, a school that provides the opportunity to teach values such as respect for their elders and an intergenerational education that allows an exchange of knowledge and experiences that enrich both generations.\u00a0<span style=\"text-align: inherit; color: var( --e-global-color-text ); font-family: var( --e-global-typography-text-font-family ), Sans-serif; font-weight: var( --e-global-typography-text-font-weight );\">Bailes, cantos e inolvidables momentos son parte de los lazos familiares que se fortalecen en la Unidad Educativa, u<\/span><span style=\"text-align: inherit; color: var( --e-global-color-text ); font-family: var( --e-global-typography-text-font-family ), Sans-serif; font-weight: var( --e-global-typography-text-font-weight );\">na escuela que brinda la oportunidad de ense\u00f1ar valores como el respeto a sus mayores y una educaci\u00f3n intergeneracional que permite un intercambio de conocimientos y experiencias que enriquecen a ambas generaciones.<\/span><\/p><p>La Moderna, is  an educational center   with meaningful spaces and learning that honors the most important nucleus of society, the family.\u00a0<\/p>\t\t\t\t\t\t\t\t<\/div>\n\t\t\t\t<\/div>\n\t\t\t\t\t<\/div>\n\t\t<\/div>\n\t\t\t\t\t<\/div>\n\t\t<\/section>\n\t\t\t\t<section class=\"elementor-section elementor-top-section elementor-element elementor-element-cb57cc5 elementor-section-boxed elementor-section-height-default elementor-section-height-default\" data-id=\"cb57cc5\" data-element_type=\"section\" data-e-type=\"section\">\n\t\t\t\t\t\t<div class=\"elementor-container elementor-column-gap-default\">\n\t\t\t\t\t<div class=\"elementor-column elementor-col-100 elementor-top-column elementor-element elementor-element-d3472d2\" data-id=\"d3472d2\" data-element_type=\"column\" data-e-type=\"column\">\n\t\t\t<div class=\"elementor-widget-wrap\">\n\t\t\t\t\t\t\t<\/div>\n\t\t<\/div>\n\t\t\t\t\t<\/div>\n\t\t<\/section>\n\t\t\t\t<section class=\"elementor-section elementor-top-section elementor-element elementor-element-e40e24a elementor-section-boxed elementor-section-height-default elementor-section-height-default\" data-id=\"e40e24a\" data-element_type=\"section\" data-e-type=\"section\">\n\t\t\t\t\t\t<div class=\"elementor-container elementor-column-gap-default\">\n\t\t\t\t\t<div class=\"elementor-column elementor-col-100 elementor-top-column elementor-element elementor-element-a264550\" data-id=\"a264550\" data-element_type=\"column\" data-e-type=\"column\">\n\t\t\t<div class=\"elementor-widget-wrap\">\n\t\t\t\t\t\t\t<\/div>\n\t\t<\/div>\n\t\t\t\t\t<\/div>\n\t\t<\/section>\n\t\t\t\t<section class=\"elementor-section elementor-top-section elementor-element elementor-element-3f20306 elementor-section-boxed elementor-section-height-default elementor-section-height-default\" data-id=\"3f20306\" data-element_type=\"section\" data-e-type=\"section\">\n\t\t\t\t\t\t<div class=\"elementor-container elementor-column-gap-default\">\n\t\t\t\t\t<div class=\"elementor-column elementor-col-100 elementor-top-column elementor-element elementor-element-86f2c92\" data-id=\"86f2c92\" data-element_type=\"column\" data-e-type=\"column\">\n\t\t\t<div class=\"elementor-widget-wrap elementor-element-populated\">\n\t\t\t\t\t\t<div class=\"elementor-element elementor-element-846de15 elementor-widget elementor-widget-image\" data-id=\"846de15\" data-element_type=\"widget\" data-e-type=\"widget\" data-widget_type=\"image.default\">\n\t\t\t\t<div class=\"elementor-widget-container\">\n\t\t\t\t\t\t\t\t\t\t\t\t\t\t\t<img decoding=\"async\" width=\"640\" height=\"356\" src=\"https:\/\/lamoderna.edu.ec\/wp-content\/uploads\/2023\/01\/maternal6-1024x569.jpg\" class=\"attachment-large size-large wp-image-132142\" alt=\"\" srcset=\"https:\/\/lamoderna.edu.ec\/wp-content\/uploads\/2023\/01\/maternal6-1024x569.jpg 1024w, https:\/\/lamoderna.edu.ec\/wp-content\/uploads\/2023\/01\/maternal6-300x167.jpg 300w, https:\/\/lamoderna.edu.ec\/wp-content\/uploads\/2023\/01\/maternal6-768x427.jpg 768w, https:\/\/lamoderna.edu.ec\/wp-content\/uploads\/2023\/01\/maternal6.jpg 1100w\" sizes=\"(max-width: 640px) 100vw, 640px\" \/>\t\t\t\t\t\t\t\t\t\t\t\t\t\t\t<\/div>\n\t\t\t\t<\/div>\n\t\t\t\t\t<\/div>\n\t\t<\/div>\n\t\t\t\t\t<\/div>\n\t\t<\/section>\n\t\t\t\t<section class=\"elementor-section elementor-top-section elementor-element elementor-element-02e8f89 elementor-section-boxed elementor-section-height-default elementor-section-height-default\" data-id=\"02e8f89\" data-element_type=\"section\" data-e-type=\"section\">\n\t\t\t\t\t\t<div class=\"elementor-container elementor-column-gap-default\">\n\t\t\t\t\t<div class=\"elementor-column elementor-col-100 elementor-top-column elementor-element elementor-element-efbca0c\" data-id=\"efbca0c\" data-element_type=\"column\" data-e-type=\"column\">\n\t\t\t<div class=\"elementor-widget-wrap elementor-element-populated\">\n\t\t\t\t\t\t<div class=\"elementor-element elementor-element-9e82a82 elementor-widget elementor-widget-image\" data-id=\"9e82a82\" data-element_type=\"widget\" data-e-type=\"widget\" data-widget_type=\"image.default\">\n\t\t\t\t<div class=\"elementor-widget-container\">\n\t\t\t\t\t\t\t\t\t\t\t\t\t\t\t<img decoding=\"async\" width=\"640\" height=\"356\" src=\"https:\/\/lamoderna.edu.ec\/wp-content\/uploads\/2023\/01\/maternal5-1024x569.jpg\" class=\"attachment-large size-large wp-image-132141\" alt=\"\" srcset=\"https:\/\/lamoderna.edu.ec\/wp-content\/uploads\/2023\/01\/maternal5-1024x569.jpg 1024w, https:\/\/lamoderna.edu.ec\/wp-content\/uploads\/2023\/01\/maternal5-300x167.jpg 300w, https:\/\/lamoderna.edu.ec\/wp-content\/uploads\/2023\/01\/maternal5-768x427.jpg 768w, https:\/\/lamoderna.edu.ec\/wp-content\/uploads\/2023\/01\/maternal5.jpg 1100w\" sizes=\"(max-width: 640px) 100vw, 640px\" \/>\t\t\t\t\t\t\t\t\t\t\t\t\t\t\t<\/div>\n\t\t\t\t<\/div>\n\t\t\t\t\t<\/div>\n\t\t<\/div>\n\t\t\t\t\t<\/div>\n\t\t<\/section>\n\t\t\t\t<section class=\"elementor-section elementor-top-section elementor-element elementor-element-2d5093e elementor-section-boxed elementor-section-height-default elementor-section-height-default\" data-id=\"2d5093e\" data-element_type=\"section\" data-e-type=\"section\">\n\t\t\t\t\t\t<div class=\"elementor-container elementor-column-gap-default\">\n\t\t\t\t\t<div class=\"elementor-column elementor-col-100 elementor-top-column elementor-element elementor-element-603e874\" data-id=\"603e874\" data-element_type=\"column\" data-e-type=\"column\">\n\t\t\t<div class=\"elementor-widget-wrap elementor-element-populated\">\n\t\t\t\t\t\t<div class=\"elementor-element elementor-element-8f76613 elementor-widget elementor-widget-image\" data-id=\"8f76613\" data-element_type=\"widget\" data-e-type=\"widget\" data-widget_type=\"image.default\">\n\t\t\t\t<div class=\"elementor-widget-container\">\n\t\t\t\t\t\t\t\t\t\t\t\t\t\t\t<img loading=\"lazy\" decoding=\"async\" width=\"640\" height=\"356\" src=\"https:\/\/lamoderna.edu.ec\/wp-content\/uploads\/2023\/01\/maternal4-1024x569.jpg\" class=\"attachment-large size-large wp-image-132140\" alt=\"\" srcset=\"https:\/\/lamoderna.edu.ec\/wp-content\/uploads\/2023\/01\/maternal4-1024x569.jpg 1024w, https:\/\/lamoderna.edu.ec\/wp-content\/uploads\/2023\/01\/maternal4-300x167.jpg 300w, https:\/\/lamoderna.edu.ec\/wp-content\/uploads\/2023\/01\/maternal4-768x427.jpg 768w, https:\/\/lamoderna.edu.ec\/wp-content\/uploads\/2023\/01\/maternal4.jpg 1100w\" sizes=\"(max-width: 640px) 100vw, 640px\" \/>\t\t\t\t\t\t\t\t\t\t\t\t\t\t\t<\/div>\n\t\t\t\t<\/div>\n\t\t\t\t\t<\/div>\n\t\t<\/div>\n\t\t\t\t\t<\/div>\n\t\t<\/section>\n\t\t\t\t<section class=\"elementor-section elementor-top-section elementor-element elementor-element-e381f11 elementor-section-boxed elementor-section-height-default elementor-section-height-default\" data-id=\"e381f11\" data-element_type=\"section\" data-e-type=\"section\">\n\t\t\t\t\t\t<div class=\"elementor-container elementor-column-gap-default\">\n\t\t\t\t\t<div class=\"elementor-column elementor-col-100 elementor-top-column elementor-element elementor-element-32e74b9\" data-id=\"32e74b9\" data-element_type=\"column\" data-e-type=\"column\">\n\t\t\t<div class=\"elementor-widget-wrap elementor-element-populated\">\n\t\t\t\t\t\t<div class=\"elementor-element elementor-element-a064748 elementor-widget elementor-widget-image\" data-id=\"a064748\" data-element_type=\"widget\" data-e-type=\"widget\" data-widget_type=\"image.default\">\n\t\t\t\t<div class=\"elementor-widget-container\">\n\t\t\t\t\t\t\t\t\t\t\t\t\t\t\t<img loading=\"lazy\" decoding=\"async\" width=\"640\" height=\"356\" src=\"https:\/\/lamoderna.edu.ec\/wp-content\/uploads\/2023\/01\/maternal1-1-1024x569.jpg\" class=\"attachment-large size-large wp-image-132149\" alt=\"\" srcset=\"https:\/\/lamoderna.edu.ec\/wp-content\/uploads\/2023\/01\/maternal1-1-1024x569.jpg 1024w, https:\/\/lamoderna.edu.ec\/wp-content\/uploads\/2023\/01\/maternal1-1-300x167.jpg 300w, https:\/\/lamoderna.edu.ec\/wp-content\/uploads\/2023\/01\/maternal1-1-768x427.jpg 768w, https:\/\/lamoderna.edu.ec\/wp-content\/uploads\/2023\/01\/maternal1-1.jpg 1100w\" sizes=\"(max-width: 640px) 100vw, 640px\" \/>\t\t\t\t\t\t\t\t\t\t\t\t\t\t\t<\/div>\n\t\t\t\t<\/div>\n\t\t\t\t\t<\/div>\n\t\t<\/div>\n\t\t\t\t\t<\/div>\n\t\t<\/section>\n\t\t\t\t<\/div>","protected":false},"excerpt":{"rendered":"<p>Los d\u00edas especiales se viven en Preescolar con emotividad y gratitud gracias al acompa\u00f1amiento de los m\u00e1s sabios del hogar en la escuela, los queridos abuelos.\u00a0 Cada a\u00f1o existe una celebraci\u00f3n poco participativa en la sociedad ecuatoriana, sin embargo, La Moderna, bajo su propuesta acad\u00e9mica sobre el valor de la Familia, re\u00fane a los abuelos [&hellip;]<\/p>\n","protected":false},"author":2,"featured_media":132142,"comment_status":"open","ping_status":"closed","sticky":false,"template":"","format":"standard","meta":{"footnotes":""},"categories":[37],"tags":[176,177],"class_list":["post-132133","post","type-post","status-publish","format-standard","has-post-thumbnail","hentry","category-eventos","tag-abuelitos","tag-la-moderna"],"yoast_head":"<!-- This site is optimized with the Yoast SEO plugin v27.4 - https:\/\/yoast.com\/product\/yoast-seo-wordpress\/ -->\n<title>ABUELOS, PARTE DE LAS FESTIVIDADES DE LA MODERNA - La Moderna<\/title>\n<meta name=\"robots\" content=\"index, follow, max-snippet:-1, max-image-preview:large, max-video-preview:-1\" \/>\n<link rel=\"canonical\" href=\"https:\/\/lamoderna.edu.ec\/en\/dia-de-los-abuelitos\/\" \/>\n<meta property=\"og:locale\" content=\"en_US\" \/>\n<meta property=\"og:type\" content=\"article\" \/>\n<meta property=\"og:title\" content=\"ABUELOS, PARTE DE LAS FESTIVIDADES DE LA MODERNA - La Moderna\" \/>\n<meta property=\"og:description\" content=\"Los d\u00edas especiales se viven en Preescolar con emotividad y gratitud gracias al acompa\u00f1amiento de los m\u00e1s sabios del hogar en la escuela, los queridos abuelos.\u00a0 Cada a\u00f1o existe una celebraci\u00f3n poco participativa en la sociedad ecuatoriana, sin embargo, La Moderna, bajo su propuesta acad\u00e9mica sobre el valor de la Familia, re\u00fane a los abuelos [&hellip;]\" \/>\n<meta property=\"og:url\" content=\"https:\/\/lamoderna.edu.ec\/en\/dia-de-los-abuelitos\/\" \/>\n<meta property=\"og:site_name\" content=\"La Moderna\" \/>\n<meta property=\"article:publisher\" content=\"https:\/\/www.facebook.com\/lamodernaEC\/\" \/>\n<meta property=\"article:published_time\" content=\"2023-01-30T15:45:43+00:00\" \/>\n<meta property=\"og:image\" content=\"https:\/\/lamoderna.edu.ec\/wp-content\/uploads\/2023\/01\/maternal6.jpg\" \/>\n\t<meta property=\"og:image:width\" content=\"1100\" \/>\n\t<meta property=\"og:image:height\" content=\"611\" \/>\n\t<meta property=\"og:image:type\" content=\"image\/jpeg\" \/>\n<meta name=\"author\" content=\"elyxir\" \/>\n<meta name=\"twitter:card\" content=\"summary_large_image\" \/>\n<meta name=\"twitter:label1\" content=\"Written by\" \/>\n\t<meta name=\"twitter:data1\" content=\"elyxir\" \/>\n\t<meta name=\"twitter:label2\" content=\"Est. reading time\" \/>\n\t<meta name=\"twitter:data2\" content=\"1 minute\" \/>\n<script type=\"application\/ld+json\" class=\"yoast-schema-graph\">{\"@context\":\"https:\\\/\\\/schema.org\",\"@graph\":[{\"@type\":\"Article\",\"@id\":\"https:\\\/\\\/lamoderna.edu.ec\\\/dia-de-los-abuelitos\\\/#article\",\"isPartOf\":{\"@id\":\"https:\\\/\\\/lamoderna.edu.ec\\\/dia-de-los-abuelitos\\\/\"},\"author\":{\"name\":\"elyxir\",\"@id\":\"https:\\\/\\\/lamoderna.edu.ec\\\/#\\\/schema\\\/person\\\/dcb037ac2daad37eb1ef9bf87414fcda\"},\"headline\":\"ABUELOS, PARTE DE LAS FESTIVIDADES DE LA MODERNA\",\"datePublished\":\"2023-01-30T15:45:43+00:00\",\"mainEntityOfPage\":{\"@id\":\"https:\\\/\\\/lamoderna.edu.ec\\\/dia-de-los-abuelitos\\\/\"},\"wordCount\":186,\"commentCount\":0,\"publisher\":{\"@id\":\"https:\\\/\\\/lamoderna.edu.ec\\\/#organization\"},\"image\":{\"@id\":\"https:\\\/\\\/lamoderna.edu.ec\\\/dia-de-los-abuelitos\\\/#primaryimage\"},\"thumbnailUrl\":\"https:\\\/\\\/lamoderna.edu.ec\\\/wp-content\\\/uploads\\\/2023\\\/01\\\/maternal6.jpg\",\"keywords\":[\"abuelitos\",\"la moderna\"],\"articleSection\":[\"Eventos\"],\"inLanguage\":\"en-US\",\"potentialAction\":[{\"@type\":\"CommentAction\",\"name\":\"Comment\",\"target\":[\"https:\\\/\\\/lamoderna.edu.ec\\\/dia-de-los-abuelitos\\\/#respond\"]}]},{\"@type\":\"WebPage\",\"@id\":\"https:\\\/\\\/lamoderna.edu.ec\\\/dia-de-los-abuelitos\\\/\",\"url\":\"https:\\\/\\\/lamoderna.edu.ec\\\/dia-de-los-abuelitos\\\/\",\"name\":\"ABUELOS, PARTE DE LAS FESTIVIDADES DE LA MODERNA - La Moderna\",\"isPartOf\":{\"@id\":\"https:\\\/\\\/lamoderna.edu.ec\\\/#website\"},\"primaryImageOfPage\":{\"@id\":\"https:\\\/\\\/lamoderna.edu.ec\\\/dia-de-los-abuelitos\\\/#primaryimage\"},\"image\":{\"@id\":\"https:\\\/\\\/lamoderna.edu.ec\\\/dia-de-los-abuelitos\\\/#primaryimage\"},\"thumbnailUrl\":\"https:\\\/\\\/lamoderna.edu.ec\\\/wp-content\\\/uploads\\\/2023\\\/01\\\/maternal6.jpg\",\"datePublished\":\"2023-01-30T15:45:43+00:00\",\"breadcrumb\":{\"@id\":\"https:\\\/\\\/lamoderna.edu.ec\\\/dia-de-los-abuelitos\\\/#breadcrumb\"},\"inLanguage\":\"en-US\",\"potentialAction\":[{\"@type\":\"ReadAction\",\"target\":[\"https:\\\/\\\/lamoderna.edu.ec\\\/dia-de-los-abuelitos\\\/\"]}]},{\"@type\":\"ImageObject\",\"inLanguage\":\"en-US\",\"@id\":\"https:\\\/\\\/lamoderna.edu.ec\\\/dia-de-los-abuelitos\\\/#primaryimage\",\"url\":\"https:\\\/\\\/lamoderna.edu.ec\\\/wp-content\\\/uploads\\\/2023\\\/01\\\/maternal6.jpg\",\"contentUrl\":\"https:\\\/\\\/lamoderna.edu.ec\\\/wp-content\\\/uploads\\\/2023\\\/01\\\/maternal6.jpg\",\"width\":1100,\"height\":611},{\"@type\":\"BreadcrumbList\",\"@id\":\"https:\\\/\\\/lamoderna.edu.ec\\\/dia-de-los-abuelitos\\\/#breadcrumb\",\"itemListElement\":[{\"@type\":\"ListItem\",\"position\":1,\"name\":\"Inicio\",\"item\":\"https:\\\/\\\/lamoderna.edu.ec\\\/\"},{\"@type\":\"ListItem\",\"position\":2,\"name\":\"ABUELOS, PARTE DE LAS FESTIVIDADES DE LA MODERNA\"}]},{\"@type\":\"WebSite\",\"@id\":\"https:\\\/\\\/lamoderna.edu.ec\\\/#website\",\"url\":\"https:\\\/\\\/lamoderna.edu.ec\\\/\",\"name\":\"Colegio La Moderna\",\"description\":\"Unidad Educativa Particular Biling\u00fce\",\"publisher\":{\"@id\":\"https:\\\/\\\/lamoderna.edu.ec\\\/#organization\"},\"alternateName\":\"Colegio LMO\",\"potentialAction\":[{\"@type\":\"SearchAction\",\"target\":{\"@type\":\"EntryPoint\",\"urlTemplate\":\"https:\\\/\\\/lamoderna.edu.ec\\\/?s={search_term_string}\"},\"query-input\":{\"@type\":\"PropertyValueSpecification\",\"valueRequired\":true,\"valueName\":\"search_term_string\"}}],\"inLanguage\":\"en-US\"},{\"@type\":\"Organization\",\"@id\":\"https:\\\/\\\/lamoderna.edu.ec\\\/#organization\",\"name\":\"Colegio La Moderna\",\"alternateName\":\"Colegio LMO\",\"url\":\"https:\\\/\\\/lamoderna.edu.ec\\\/\",\"logo\":{\"@type\":\"ImageObject\",\"inLanguage\":\"en-US\",\"@id\":\"https:\\\/\\\/lamoderna.edu.ec\\\/#\\\/schema\\\/logo\\\/image\\\/\",\"url\":\"https:\\\/\\\/lamoderna.edu.ec\\\/wp-content\\\/uploads\\\/2024\\\/08\\\/icono.png\",\"contentUrl\":\"https:\\\/\\\/lamoderna.edu.ec\\\/wp-content\\\/uploads\\\/2024\\\/08\\\/icono.png\",\"width\":103,\"height\":102,\"caption\":\"Colegio La Moderna\"},\"image\":{\"@id\":\"https:\\\/\\\/lamoderna.edu.ec\\\/#\\\/schema\\\/logo\\\/image\\\/\"},\"sameAs\":[\"https:\\\/\\\/www.facebook.com\\\/lamodernaEC\\\/\",\"https:\\\/\\\/www.instagram.com\\\/lamoderna_ec\\\/#\"]},{\"@type\":\"Person\",\"@id\":\"https:\\\/\\\/lamoderna.edu.ec\\\/#\\\/schema\\\/person\\\/dcb037ac2daad37eb1ef9bf87414fcda\",\"name\":\"elyxir\",\"image\":{\"@type\":\"ImageObject\",\"inLanguage\":\"en-US\",\"@id\":\"https:\\\/\\\/secure.gravatar.com\\\/avatar\\\/76e29e7f71b7ce993618bb4160e20751e0b1fb916573c8111c1bf5a78d422bdb?s=96&d=mm&r=g\",\"url\":\"https:\\\/\\\/secure.gravatar.com\\\/avatar\\\/76e29e7f71b7ce993618bb4160e20751e0b1fb916573c8111c1bf5a78d422bdb?s=96&d=mm&r=g\",\"contentUrl\":\"https:\\\/\\\/secure.gravatar.com\\\/avatar\\\/76e29e7f71b7ce993618bb4160e20751e0b1fb916573c8111c1bf5a78d422bdb?s=96&d=mm&r=g\",\"caption\":\"elyxir\"},\"sameAs\":[\"http:\\\/\\\/elyxirdigital.com.mx\"],\"url\":\"https:\\\/\\\/lamoderna.edu.ec\\\/en\\\/author\\\/elyxir\\\/\"}]}<\/script>\n<!-- \/ Yoast SEO plugin. -->","yoast_head_json":{"title":"ABUELOS, PARTE DE LAS FESTIVIDADES DE LA MODERNA - La Moderna","robots":{"index":"index","follow":"follow","max-snippet":"max-snippet:-1","max-image-preview":"max-image-preview:large","max-video-preview":"max-video-preview:-1"},"canonical":"https:\/\/lamoderna.edu.ec\/en\/dia-de-los-abuelitos\/","og_locale":"en_US","og_type":"article","og_title":"ABUELOS, PARTE DE LAS FESTIVIDADES DE LA MODERNA - La Moderna","og_description":"Los d\u00edas especiales se viven en Preescolar con emotividad y gratitud gracias al acompa\u00f1amiento de los m\u00e1s sabios del hogar en la escuela, los queridos abuelos.\u00a0 Cada a\u00f1o existe una celebraci\u00f3n poco participativa en la sociedad ecuatoriana, sin embargo, La Moderna, bajo su propuesta acad\u00e9mica sobre el valor de la Familia, re\u00fane a los abuelos [&hellip;]","og_url":"https:\/\/lamoderna.edu.ec\/en\/dia-de-los-abuelitos\/","og_site_name":"La Moderna","article_publisher":"https:\/\/www.facebook.com\/lamodernaEC\/","article_published_time":"2023-01-30T15:45:43+00:00","og_image":[{"width":1100,"height":611,"url":"https:\/\/lamoderna.edu.ec\/wp-content\/uploads\/2023\/01\/maternal6.jpg","type":"image\/jpeg"}],"author":"elyxir","twitter_card":"summary_large_image","twitter_misc":{"Written by":"elyxir","Est. reading time":"1 minute"},"schema":{"@context":"https:\/\/schema.org","@graph":[{"@type":"Article","@id":"https:\/\/lamoderna.edu.ec\/dia-de-los-abuelitos\/#article","isPartOf":{"@id":"https:\/\/lamoderna.edu.ec\/dia-de-los-abuelitos\/"},"author":{"name":"elyxir","@id":"https:\/\/lamoderna.edu.ec\/#\/schema\/person\/dcb037ac2daad37eb1ef9bf87414fcda"},"headline":"ABUELOS, PARTE DE LAS FESTIVIDADES DE LA MODERNA","datePublished":"2023-01-30T15:45:43+00:00","mainEntityOfPage":{"@id":"https:\/\/lamoderna.edu.ec\/dia-de-los-abuelitos\/"},"wordCount":186,"commentCount":0,"publisher":{"@id":"https:\/\/lamoderna.edu.ec\/#organization"},"image":{"@id":"https:\/\/lamoderna.edu.ec\/dia-de-los-abuelitos\/#primaryimage"},"thumbnailUrl":"https:\/\/lamoderna.edu.ec\/wp-content\/uploads\/2023\/01\/maternal6.jpg","keywords":["abuelitos","la moderna"],"articleSection":["Eventos"],"inLanguage":"en-US","potentialAction":[{"@type":"CommentAction","name":"Comment","target":["https:\/\/lamoderna.edu.ec\/dia-de-los-abuelitos\/#respond"]}]},{"@type":"WebPage","@id":"https:\/\/lamoderna.edu.ec\/dia-de-los-abuelitos\/","url":"https:\/\/lamoderna.edu.ec\/dia-de-los-abuelitos\/","name":"ABUELOS, PARTE DE LAS FESTIVIDADES DE LA MODERNA - La Moderna","isPartOf":{"@id":"https:\/\/lamoderna.edu.ec\/#website"},"primaryImageOfPage":{"@id":"https:\/\/lamoderna.edu.ec\/dia-de-los-abuelitos\/#primaryimage"},"image":{"@id":"https:\/\/lamoderna.edu.ec\/dia-de-los-abuelitos\/#primaryimage"},"thumbnailUrl":"https:\/\/lamoderna.edu.ec\/wp-content\/uploads\/2023\/01\/maternal6.jpg","datePublished":"2023-01-30T15:45:43+00:00","breadcrumb":{"@id":"https:\/\/lamoderna.edu.ec\/dia-de-los-abuelitos\/#breadcrumb"},"inLanguage":"en-US","potentialAction":[{"@type":"ReadAction","target":["https:\/\/lamoderna.edu.ec\/dia-de-los-abuelitos\/"]}]},{"@type":"ImageObject","inLanguage":"en-US","@id":"https:\/\/lamoderna.edu.ec\/dia-de-los-abuelitos\/#primaryimage","url":"https:\/\/lamoderna.edu.ec\/wp-content\/uploads\/2023\/01\/maternal6.jpg","contentUrl":"https:\/\/lamoderna.edu.ec\/wp-content\/uploads\/2023\/01\/maternal6.jpg","width":1100,"height":611},{"@type":"BreadcrumbList","@id":"https:\/\/lamoderna.edu.ec\/dia-de-los-abuelitos\/#breadcrumb","itemListElement":[{"@type":"ListItem","position":1,"name":"Inicio","item":"https:\/\/lamoderna.edu.ec\/"},{"@type":"ListItem","position":2,"name":"ABUELOS, PARTE DE LAS FESTIVIDADES DE LA MODERNA"}]},{"@type":"WebSite","@id":"https:\/\/lamoderna.edu.ec\/#website","url":"https:\/\/lamoderna.edu.ec\/","name":"Colegio La Moderna","description":"Unidad Educativa Particular Biling\u00fce","publisher":{"@id":"https:\/\/lamoderna.edu.ec\/#organization"},"alternateName":"Colegio LMO","potentialAction":[{"@type":"SearchAction","target":{"@type":"EntryPoint","urlTemplate":"https:\/\/lamoderna.edu.ec\/?s={search_term_string}"},"query-input":{"@type":"PropertyValueSpecification","valueRequired":true,"valueName":"search_term_string"}}],"inLanguage":"en-US"},{"@type":"Organization","@id":"https:\/\/lamoderna.edu.ec\/#organization","name":"Colegio La Moderna","alternateName":"Colegio LMO","url":"https:\/\/lamoderna.edu.ec\/","logo":{"@type":"ImageObject","inLanguage":"en-US","@id":"https:\/\/lamoderna.edu.ec\/#\/schema\/logo\/image\/","url":"https:\/\/lamoderna.edu.ec\/wp-content\/uploads\/2024\/08\/icono.png","contentUrl":"https:\/\/lamoderna.edu.ec\/wp-content\/uploads\/2024\/08\/icono.png","width":103,"height":102,"caption":"Colegio La Moderna"},"image":{"@id":"https:\/\/lamoderna.edu.ec\/#\/schema\/logo\/image\/"},"sameAs":["https:\/\/www.facebook.com\/lamodernaEC\/","https:\/\/www.instagram.com\/lamoderna_ec\/#"]},{"@type":"Person","@id":"https:\/\/lamoderna.edu.ec\/#\/schema\/person\/dcb037ac2daad37eb1ef9bf87414fcda","name":"elyxir","image":{"@type":"ImageObject","inLanguage":"en-US","@id":"https:\/\/secure.gravatar.com\/avatar\/76e29e7f71b7ce993618bb4160e20751e0b1fb916573c8111c1bf5a78d422bdb?s=96&d=mm&r=g","url":"https:\/\/secure.gravatar.com\/avatar\/76e29e7f71b7ce993618bb4160e20751e0b1fb916573c8111c1bf5a78d422bdb?s=96&d=mm&r=g","contentUrl":"https:\/\/secure.gravatar.com\/avatar\/76e29e7f71b7ce993618bb4160e20751e0b1fb916573c8111c1bf5a78d422bdb?s=96&d=mm&r=g","caption":"elyxir"},"sameAs":["http:\/\/elyxirdigital.com.mx"],"url":"https:\/\/lamoderna.edu.ec\/en\/author\/elyxir\/"}]}},"_links":{"self":[{"href":"https:\/\/lamoderna.edu.ec\/en\/wp-json\/wp\/v2\/posts\/132133","targetHints":{"allow":["GET"]}}],"collection":[{"href":"https:\/\/lamoderna.edu.ec\/en\/wp-json\/wp\/v2\/posts"}],"about":[{"href":"https:\/\/lamoderna.edu.ec\/en\/wp-json\/wp\/v2\/types\/post"}],"author":[{"embeddable":true,"href":"https:\/\/lamoderna.edu.ec\/en\/wp-json\/wp\/v2\/users\/2"}],"replies":[{"embeddable":true,"href":"https:\/\/lamoderna.edu.ec\/en\/wp-json\/wp\/v2\/comments?post=132133"}],"version-history":[{"count":0,"href":"https:\/\/lamoderna.edu.ec\/en\/wp-json\/wp\/v2\/posts\/132133\/revisions"}],"wp:featuredmedia":[{"embeddable":true,"href":"https:\/\/lamoderna.edu.ec\/en\/wp-json\/wp\/v2\/media\/132142"}],"wp:attachment":[{"href":"https:\/\/lamoderna.edu.ec\/en\/wp-json\/wp\/v2\/media?parent=132133"}],"wp:term":[{"taxonomy":"category","embeddable":true,"href":"https:\/\/lamoderna.edu.ec\/en\/wp-json\/wp\/v2\/categories?post=132133"},{"taxonomy":"post_tag","embeddable":true,"href":"https:\/\/lamoderna.edu.ec\/en\/wp-json\/wp\/v2\/tags?post=132133"}],"curies":[{"name":"wp","href":"https:\/\/api.w.org\/{rel}","templated":true}]}}